{"id":12033,"date":"2017-06-24T01:38:52","date_gmt":"2017-06-24T06:38:52","guid":{"rendered":"http:\/\/elinformanteperu.com\/?p=12033"},"modified":"2017-06-24T01:38:52","modified_gmt":"2017-06-24T06:38:52","slug":"las-malvinas-villaran-pide-que-se-investigue-y-sancione-a-responsables-de-incendio","status":"publish","type":"post","link":"https:\/\/elinformanteperu.com\/index.php\/2017\/06\/24\/las-malvinas-villaran-pide-que-se-investigue-y-sancione-a-responsables-de-incendio\/","title":{"rendered":"Las Malvinas: Villar\u00e1n pide que se investigue y sancione a responsables de incendio"},"content":{"rendered":"<p><strong><span style=\"color: #000000;\">La exalcaldesa de Lima, Susana Villar\u00e1n, pidi\u00f3 que se investigue el incendio en la galer\u00eda de la zona comercial Las Malvinas.<\/span><\/strong><\/p>\n<p><span style=\"color: #000000;\"><strong>Lima, 23 Junio 2017, (ANDINA).-<\/strong> La exalcaldesa de Lima, Susana Villar\u00e1n, pidi\u00f3 que se investigue el incendio en la galer\u00eda de la zona comercial Las Malvinas para que se establezcan responsabilidades y sanciones justas.<\/span><\/p>\n<p><span style=\"color: #000000;\">A trav\u00e9s de un mensaje publicado cuenta en Facebook, Villar\u00e1n sostuvo que escucha \u201ccon estupor\u201d algunas voces que, dos a\u00f1os y medio despu\u00e9s de haber salido de la gesti\u00f3n de la Alcald\u00eda de Lima, la sindican como responsable de lo ocurrido.<\/span><\/p>\n<p><span style=\"color: #000000;\">Refiri\u00f3 que en los cuatro a\u00f1os en los que fue alcaldesa de Lima siempre estuvo al frente como jefa de Defensa Civil, al lado de bomberos, serenos y polic\u00edas, para prevenir hechos que causen irreparables p\u00e9rdidas y enluten a familias.<\/span><\/p>\n<p><span style=\"color: #000000;\">En ese sentido, Villar\u00e1n solicit\u00f3 que se investigue \u201ceste grav\u00edsimo hecho y se se\u00f1alen responsabilidades en estos dos a\u00f1os y medio de gesti\u00f3n del se\u00f1or Luis Casta\u00f1eda\u201d.<\/span><\/p>\n<p><span style=\"color: #000000;\">Villar\u00e1n remarc\u00f3 que si hubiera alguna responsabilidad en alg\u00fan funcionario de Defensa Civil en su gesti\u00f3n \u201cque se diga con evidencias y que reciban los responsables por esta sever\u00edsima negligencia\u201d.<\/span><\/p>\n<p><span style=\"color: #000000;\">En otro momento, la exalcaldesa dijo sentirse profundamente conmovida por quienes han desaparecido v\u00edctimas de las llamas, encerrados como esclavos en un container en el quinto piso de las instalaciones de JPGE en Las Malvinas.<\/span><\/p>\n<p><span style=\"color: #000000;\">\u201cEstoy muy cerca del generoso trabajo de los 400 miembros del Cuerpo General de Bomberos Voluntarios de Lima, de la Polic\u00eda y los serenos que han batallado y que lo siguen haciendo en este siniestro, incendio grado cinco, solo similar al ocurrido en Mesa Redonda\u201d, acot\u00f3.<\/span><\/p>\n","protected":false},"excerpt":{"rendered":"<p>La exalcaldesa de Lima, Susana Villar\u00e1n, pidi\u00f3 que se investigue el incendio en la galer\u00eda de la zona comercial Las Malvinas. Lima, 23 Junio 2017, (ANDINA).- La exalcaldesa de Lima, Susana Villar\u00e1n, pidi\u00f3 que se investigue el incendio en la galer\u00eda de la zona comercial Las Malvinas para que se establezcan responsabilidades y sanciones justas. [&hellip;]<\/p>\n","protected":false},"author":1,"featured_media":12034,"comment_status":"open","ping_status":"open","sticky":false,"template":"","format":"standard","meta":{"rop_custom_images_group":[],"rop_custom_messages_group":[],"rop_publish_now":"initial","rop_publish_now_accounts":[],"rop_publish_now_history":[],"rop_publish_now_status":"pending","footnotes":""},"categories":[10],"tags":[1784,1785,1792],"class_list":["post-12033","post","type-post","status-publish","format-standard","has-post-thumbnail","hentry","category-actualidad-municipal","tag-cuerpo-general-de-bomberos-voluntarios","tag-incendios","tag-la-malvinas"],"_links":{"self":[{"href":"https:\/\/elinformanteperu.com\/index.php\/wp-json\/wp\/v2\/posts\/12033","targetHints":{"allow":["GET"]}}],"collection":[{"href":"https:\/\/elinformanteperu.com\/index.php\/wp-json\/wp\/v2\/posts"}],"about":[{"href":"https:\/\/elinformanteperu.com\/index.php\/wp-json\/wp\/v2\/types\/post"}],"author":[{"embeddable":true,"href":"https:\/\/elinformanteperu.com\/index.php\/wp-json\/wp\/v2\/users\/1"}],"replies":[{"embeddable":true,"href":"https:\/\/elinformanteperu.com\/index.php\/wp-json\/wp\/v2\/comments?post=12033"}],"version-history":[{"count":1,"href":"https:\/\/elinformanteperu.com\/index.php\/wp-json\/wp\/v2\/posts\/12033\/revisions"}],"predecessor-version":[{"id":12035,"href":"https:\/\/elinformanteperu.com\/index.php\/wp-json\/wp\/v2\/posts\/12033\/revisions\/12035"}],"wp:featuredmedia":[{"embeddable":true,"href":"https:\/\/elinformanteperu.com\/index.php\/wp-json\/wp\/v2\/media\/12034"}],"wp:attachment":[{"href":"https:\/\/elinformanteperu.com\/index.php\/wp-json\/wp\/v2\/media?parent=12033"}],"wp:term":[{"taxonomy":"category","embeddable":true,"href":"https:\/\/elinformanteperu.com\/index.php\/wp-json\/wp\/v2\/categories?post=12033"},{"taxonomy":"post_tag","embeddable":true,"href":"https:\/\/elinformanteperu.com\/index.php\/wp-json\/wp\/v2\/tags?post=12033"}],"curies":[{"name":"wp","href":"https:\/\/api.w.org\/{rel}","templated":true}]}}