{"id":12030,"date":"2017-06-24T01:24:14","date_gmt":"2017-06-24T06:24:14","guid":{"rendered":"http:\/\/elinformanteperu.com\/?p=12030"},"modified":"2017-06-24T01:24:14","modified_gmt":"2017-06-24T06:24:14","slug":"las-malvinas-ministro-grados-dice-que-trabajadores-desaparecidos-no-aparecen-en-planilla","status":"publish","type":"post","link":"https:\/\/elinformanteperu.com\/index.php\/2017\/06\/24\/las-malvinas-ministro-grados-dice-que-trabajadores-desaparecidos-no-aparecen-en-planilla\/","title":{"rendered":"Las Malvinas: ministro Grados dice que trabajadores desaparecidos no aparecen en planilla"},"content":{"rendered":"<p><strong><span style=\"color: #000000;\">El ministro de Trabajo, Alfonso Grados, se\u00f1al\u00f3 que los 3 trabajadores reportados como desaparecidos no est\u00e1n registrados en la planilla de las empresas formales.<\/span><\/strong><\/p>\n<p><span style=\"color: #000000;\"><strong>Lima, 23 Junio 2017, (ANDINA).-<\/strong> El ministro de Trabajo, Alfonso Grados, se\u00f1al\u00f3 que los 3 trabajadores reportados como desaparecidos no est\u00e1n registrados en la planilla de las empresas formales que operan en la galer\u00eda Nicollini que ha sido afectada por el incendio que se registra desde la tarde de ayer.<\/span><\/p>\n<p><span style=\"color: #000000;\">Desde el lugar del siniestro, Grados dijo que, a trav\u00e9s de la Superintendencia de Nacional de Fiscalizaci\u00f3n Laboral (Sunafil), dicho portafolio investiga si las 43 empresas que aparecen como formales en esa galer\u00eda estaban empleando personal informal o si ah\u00ed funcionaban empresas informales no registradas.<\/span><\/p>\n<p><span style=\"color: #000000;\">Tras lamentar el posible fallecimiento de los 3 trabajadores, Grados que, de encontrarse responsabilidades en el origen de este incendio, as\u00ed con en la violaci\u00f3n de los derechos laborales, se impondr\u00e1n fuertes sanciones administrativas que conllevan a multas de hasta 800 mil soles por empresa.<\/span><\/p>\n<p><span style=\"color: #000000;\">\u201cEso es inaceptable. Eso no solo tiene que ver con la problem\u00e1tica de un trabajo informal. Aqu\u00ed lo que hab\u00eda es una forma precaria y abusiva de trabajo, es algo que agrava la situaci\u00f3n de los empleadores y que va a acarrear sanciones no solo monetarias sino tambi\u00e9n sanciones penales\u201d, asever\u00f3.<\/span><\/p>\n<p><span style=\"color: #000000;\">Inform\u00f3 que la Sunafil no recibi\u00f3 ninguna denuncia por parte de trabajadores de esta zona comercial y que, por tal raz\u00f3n, no se procedi\u00f3 a hacer una inspecci\u00f3n laboral<\/span><\/p>\n<p><span style=\"color: #000000;\">Al respecto, revel\u00f3 que m\u00e1s del 70% de las inspecciones laborales que realiza Sunafil tiene que ver con denuncias recibidas de los trabajadores.<\/span><\/p>\n<p><span style=\"color: #000000;\">\u201cDe este centro comercial no hemos recibido denuncias de trabajadores y, por lo tanto, no ha habido inspecciones a respuesta de situaciones irregulares manifestadas por los trabajadores\u201d, subray\u00f3.<\/span><\/p>\n","protected":false},"excerpt":{"rendered":"<p>El ministro de Trabajo, Alfonso Grados, se\u00f1al\u00f3 que los 3 trabajadores reportados como desaparecidos no est\u00e1n registrados en la planilla de las empresas formales. Lima, 23 Junio 2017, (ANDINA).- El ministro de Trabajo, Alfonso Grados, se\u00f1al\u00f3 que los 3 trabajadores reportados como desaparecidos no est\u00e1n registrados en la planilla de las empresas formales que operan [&hellip;]<\/p>\n","protected":false},"author":1,"featured_media":12031,"comment_status":"open","ping_status":"open","sticky":false,"template":"","format":"standard","meta":{"rop_custom_images_group":[],"rop_custom_messages_group":[],"rop_publish_now":"initial","rop_publish_now_accounts":[],"rop_publish_now_history":[],"rop_publish_now_status":"pending","footnotes":""},"categories":[10],"tags":[1785,1540,1565],"class_list":["post-12030","post","type-post","status-publish","format-standard","has-post-thumbnail","hentry","category-actualidad-municipal","tag-incendios","tag-las-malvinas","tag-sunafil"],"_links":{"self":[{"href":"https:\/\/elinformanteperu.com\/index.php\/wp-json\/wp\/v2\/posts\/12030","targetHints":{"allow":["GET"]}}],"collection":[{"href":"https:\/\/elinformanteperu.com\/index.php\/wp-json\/wp\/v2\/posts"}],"about":[{"href":"https:\/\/elinformanteperu.com\/index.php\/wp-json\/wp\/v2\/types\/post"}],"author":[{"embeddable":true,"href":"https:\/\/elinformanteperu.com\/index.php\/wp-json\/wp\/v2\/users\/1"}],"replies":[{"embeddable":true,"href":"https:\/\/elinformanteperu.com\/index.php\/wp-json\/wp\/v2\/comments?post=12030"}],"version-history":[{"count":1,"href":"https:\/\/elinformanteperu.com\/index.php\/wp-json\/wp\/v2\/posts\/12030\/revisions"}],"predecessor-version":[{"id":12032,"href":"https:\/\/elinformanteperu.com\/index.php\/wp-json\/wp\/v2\/posts\/12030\/revisions\/12032"}],"wp:featuredmedia":[{"embeddable":true,"href":"https:\/\/elinformanteperu.com\/index.php\/wp-json\/wp\/v2\/media\/12031"}],"wp:attachment":[{"href":"https:\/\/elinformanteperu.com\/index.php\/wp-json\/wp\/v2\/media?parent=12030"}],"wp:term":[{"taxonomy":"category","embeddable":true,"href":"https:\/\/elinformanteperu.com\/index.php\/wp-json\/wp\/v2\/categories?post=12030"},{"taxonomy":"post_tag","embeddable":true,"href":"https:\/\/elinformanteperu.com\/index.php\/wp-json\/wp\/v2\/tags?post=12030"}],"curies":[{"name":"wp","href":"https:\/\/api.w.org\/{rel}","templated":true}]}}