{"id":1203,"date":"2016-11-17T00:34:26","date_gmt":"2016-11-17T05:34:26","guid":{"rendered":"http:\/\/elinformanteperu.com\/?p=1203"},"modified":"2016-11-17T00:34:26","modified_gmt":"2016-11-17T05:34:26","slug":"presidente-kuczynski-sostendra-reunion-bilateral-con-barack-obama","status":"publish","type":"post","link":"https:\/\/elinformanteperu.com\/index.php\/2016\/11\/17\/presidente-kuczynski-sostendra-reunion-bilateral-con-barack-obama\/","title":{"rendered":"Presidente Kuczynski sostendr\u00e1 reuni\u00f3n bilateral con Barack Obama"},"content":{"rendered":"<p style=\"text-align: justify;\"><strong>El presidente Pedro Pablo Kuczynski sostendr\u00e1 una reuni\u00f3n bilateral con su hom\u00f3logo de Estados Unidos, Barack Obama, confirm\u00f3 Mercedes Ar\u00e1oz, presidenta de la Comisi\u00f3n de Alto Nivel APEC 2016.<\/strong><\/p>\n<p style=\"text-align: justify;\"><strong>Lima, 16 Noviembre 2016, (ANDINA).-<\/strong> En el marco de la Cumbre del Foro de Cooperaci\u00f3n Econ\u00f3mica Asia Pac\u00edfico (APEC) de Lima, el presidente Pedro Pablo Kuczynski sostendr\u00e1 una reuni\u00f3n bilateral con su hom\u00f3logo de Estados Unidos, Barack Obama, confirm\u00f3 Mercedes Ar\u00e1oz, presidenta de la Comisi\u00f3n de Alto Nivel APEC 2016.<\/p>\n<p style=\"text-align: justify;\">Adem\u00e1s del encuentro bilateral con Obama, el jefe del Estado peruano sostendr\u00e1 reuniones similares con otros l\u00edderes que participar\u00e1n en la Cumbre de APEC, dijo Ar\u00e1oz.<\/p>\n<p style=\"text-align: justify;\">Asimismo, durante la semana de reuniones APEC, el presidente Kuczynski recibir\u00e1 en visita de Estado al primer ministro de Jap\u00f3n, Shinzo Abe, el viernes 18 de noviembre.<\/p>\n<p style=\"text-align: justify;\">El 21 de noviembre, igualmente, recibir\u00e1 en Visita de Estado al presidente de China, Xi Jinping.<\/p>\n<p style=\"text-align: justify;\">El gobernante chino llegar\u00e1 a Lima para participar en la APEC CEO Summit 2016 y en la Cumbre de L\u00edderes, pero permanecer\u00e1 en el Per\u00fa un d\u00eda m\u00e1s para realizar la Visita de Estado.<\/p>\n<p style=\"text-align: justify;\"><strong>Di\u00e1logos informales<\/strong><\/p>\n<p style=\"text-align: justify;\">En esta semana se realizar\u00e1n tambi\u00e9n tres di\u00e1logos informales. Uno de ellos ser\u00e1 entre los l\u00edderes del foro APEC y los presidentes de Colombia, Juan Manuel Santos; de Chile, Michelle Bachelet; de M\u00e9xico, Enrique Pe\u00f1a Nieto, y de Per\u00fa, Pedro Pablo Kuczynski; integrantes de la Alianza del Pac\u00edfico.<\/p>\n<p style=\"text-align: justify;\">Los otros di\u00e1logos informales se dar\u00e1n entre los l\u00edderes de las econom\u00edas APEC y Mark Zuckerberg, creador de la red social Facebook, y entre los l\u00edderes y la directora gerente del Fondo Monetario Internacional (FMI).<\/p>\n","protected":false},"excerpt":{"rendered":"<p>El presidente Pedro Pablo Kuczynski sostendr\u00e1 una reuni\u00f3n bilateral con su hom\u00f3logo de Estados Unidos, Barack Obama, confirm\u00f3 Mercedes Ar\u00e1oz, presidenta de la Comisi\u00f3n de Alto Nivel APEC 2016. Lima, 16 Noviembre 2016, (ANDINA).- En el marco de la Cumbre del Foro de Cooperaci\u00f3n Econ\u00f3mica Asia Pac\u00edfico (APEC) de Lima, el presidente Pedro Pablo Kuczynski [&hellip;]<\/p>\n","protected":false},"author":1,"featured_media":1204,"comment_status":"open","ping_status":"open","sticky":false,"template":"","format":"standard","meta":{"rop_custom_images_group":[],"rop_custom_messages_group":[],"rop_publish_now":"initial","rop_publish_now_accounts":[],"rop_publish_now_history":[],"rop_publish_now_status":"pending","footnotes":""},"categories":[5],"tags":[80,160,74],"class_list":["post-1203","post","type-post","status-publish","format-standard","has-post-thumbnail","hentry","category-actualidad-informativa","tag-apec","tag-barack-obama","tag-pedro-pablo-kuczynski"],"_links":{"self":[{"href":"https:\/\/elinformanteperu.com\/index.php\/wp-json\/wp\/v2\/posts\/1203","targetHints":{"allow":["GET"]}}],"collection":[{"href":"https:\/\/elinformanteperu.com\/index.php\/wp-json\/wp\/v2\/posts"}],"about":[{"href":"https:\/\/elinformanteperu.com\/index.php\/wp-json\/wp\/v2\/types\/post"}],"author":[{"embeddable":true,"href":"https:\/\/elinformanteperu.com\/index.php\/wp-json\/wp\/v2\/users\/1"}],"replies":[{"embeddable":true,"href":"https:\/\/elinformanteperu.com\/index.php\/wp-json\/wp\/v2\/comments?post=1203"}],"version-history":[{"count":1,"href":"https:\/\/elinformanteperu.com\/index.php\/wp-json\/wp\/v2\/posts\/1203\/revisions"}],"predecessor-version":[{"id":1205,"href":"https:\/\/elinformanteperu.com\/index.php\/wp-json\/wp\/v2\/posts\/1203\/revisions\/1205"}],"wp:featuredmedia":[{"embeddable":true,"href":"https:\/\/elinformanteperu.com\/index.php\/wp-json\/wp\/v2\/media\/1204"}],"wp:attachment":[{"href":"https:\/\/elinformanteperu.com\/index.php\/wp-json\/wp\/v2\/media?parent=1203"}],"wp:term":[{"taxonomy":"category","embeddable":true,"href":"https:\/\/elinformanteperu.com\/index.php\/wp-json\/wp\/v2\/categories?post=1203"},{"taxonomy":"post_tag","embeddable":true,"href":"https:\/\/elinformanteperu.com\/index.php\/wp-json\/wp\/v2\/tags?post=1203"}],"curies":[{"name":"wp","href":"https:\/\/api.w.org\/{rel}","templated":true}]}}