{"id":12027,"date":"2017-06-24T01:18:54","date_gmt":"2017-06-24T06:18:54","guid":{"rendered":"http:\/\/elinformanteperu.com\/?p=12027"},"modified":"2017-06-24T01:18:54","modified_gmt":"2017-06-24T06:18:54","slug":"las-malvinas-colegio-medico-alerta-de-gases-cancerigenos-producidos-por-incendio","status":"publish","type":"post","link":"https:\/\/elinformanteperu.com\/index.php\/2017\/06\/24\/las-malvinas-colegio-medico-alerta-de-gases-cancerigenos-producidos-por-incendio\/","title":{"rendered":"Las Malvinas: Colegio M\u00e9dico alerta de gases cancer\u00edgenos producidos por incendio"},"content":{"rendered":"<p><strong><span style=\"color: #000000;\">Un incendio como el producido en Las Malvinas genera gases cancer\u00edgenos y sustancias cuya inhalaci\u00f3n puede producir severas consecuencias en la salud.<\/span><\/strong><\/p>\n<p><span style=\"color: #000000;\"><strong>Lima, 23 Junio 2017, (ANDINA).-<\/strong> Un incendio como el producido en Las Malvinas genera gases cancer\u00edgenos y sustancias cuya inhalaci\u00f3n puede producir severas consecuencias en la salud, sobre todo en ancianos, ni\u00f1os y embarazadas, alert\u00f3 el Colegio M\u00e9dico del Per\u00fa (CMP).<\/span><\/p>\n<p><span style=\"color: #000000;\">Se\u00f1al\u00f3 adem\u00e1s que los efectos de este humo t\u00f3xico pueden agravar patolog\u00edas como el asma, alergias, enfermedades pulmonares, trombosis, co\u00e1gulos e infarto, as\u00ed como otras repercusiones a largo plazo,<\/span><\/p>\n<p><span style=\"color: #000000;\">En este incendio se han quemado pinturas, aerosoles, barnices, thiner, solventes y otros materiales altamente inflamables, cuya combusti\u00f3n genera gases t\u00f3xicos que pueden producir a corto plazo molestias oculares, irritaci\u00f3n de las v\u00edas respiratorias (tr\u00e1quea y pulmones).<\/span><\/p>\n<p><span style=\"color: #000000;\">Julio C\u00e9sar Polo, presidente del Comit\u00e9 de Salud Ambiental del CMP, dijo que el humo t\u00f3xico puede agravar los casos de enfermedad pulmonar obstructiva cr\u00f3nica (Epoc) con el desarrollo de neumon\u00edas, adem\u00e1s de causar trastornos digestivos.<\/span><\/p>\n<p><span style=\"color: #000000;\">\u201cLos ni\u00f1os pueden ser m\u00e1s vulnerables debido a que sus pulmones no est\u00e1n desarrollados completamente, respiran m\u00e1s r\u00e1pido y pasan mucho tiempo al aire libre. En individuos sanos, el exponerse al mon\u00f3xido de carbono puede afectar la visi\u00f3n y la agilidad mental\u201d, advirti\u00f3.<\/span><\/p>\n<p><span style=\"color: #000000;\">A\u00f1adi\u00f3 que el humo t\u00f3xico causa tos, agotamiento f\u00edsico, irritaci\u00f3n de ojos, resequedad de mucosas, irritaci\u00f3n y comez\u00f3n en la piel, intoxicaci\u00f3n por inhalaci\u00f3n de humo, adem\u00e1s que si la exposici\u00f3n ha sido muy intensa tambi\u00e9n puede haber repercusiones a largo plazo en poblaci\u00f3n vulnerable.<\/span><\/p>\n<p><span style=\"color: #000000;\">\u201cEl aire contaminado tambi\u00e9n genera disminuci\u00f3n de la capacidad de la sangre para transportar sustancias nutritivas y ox\u00edgeno al organismo, trastornos digestivos, problemas en huesos y dientes por fluoruros, m\u00e1s casos de bronquitis, aumento de la frecuencia de c\u00e1ncer bronquial y enfisema pulmonar, y problemas cardiovasculares como trombosis, co\u00e1gulos e infartos en gente adulta\u201d, detall\u00f3 el m\u00e9dico.<\/span><\/p>\n<p><span style=\"color: #000000;\">Sostuvo que diversos estudios ya han demostrado la influencia de la contaminaci\u00f3n atmosf\u00e9rica urbana en el desarrollo de enfermedades, sobre todo las del sistema respiratorio y cardiovascular.<\/span><\/p>\n<p><span style=\"color: #000000;\">Frente a estos casos, la recomendaci\u00f3n es intentar aislarse del lugar donde existe gran cantidad de humo, utilizar mascarilla y protecci\u00f3n ocular.<\/span><\/p>\n<p><span style=\"color: #000000;\">Tambi\u00e9n se puede cubrir las rendijas de las puertas de la casa con toallas h\u00famedas para evitar el ingreso de humo; y en caso de tener una enfermedad cr\u00f3nica acudir a un centro asistencial si los s\u00edntomas se incrementan, en especial si se trata de ni\u00f1os, ancianos o gestantes.<\/span><\/p>\n","protected":false},"excerpt":{"rendered":"<p>Un incendio como el producido en Las Malvinas genera gases cancer\u00edgenos y sustancias cuya inhalaci\u00f3n puede producir severas consecuencias en la salud. Lima, 23 Junio 2017, (ANDINA).- Un incendio como el producido en Las Malvinas genera gases cancer\u00edgenos y sustancias cuya inhalaci\u00f3n puede producir severas consecuencias en la salud, sobre todo en ancianos, ni\u00f1os y [&hellip;]<\/p>\n","protected":false},"author":1,"featured_media":12028,"comment_status":"open","ping_status":"open","sticky":false,"template":"","format":"standard","meta":{"rop_custom_images_group":[],"rop_custom_messages_group":[],"rop_publish_now":"initial","rop_publish_now_accounts":[],"rop_publish_now_history":[],"rop_publish_now_status":"pending","footnotes":""},"categories":[10],"tags":[1791,1785,1792,431],"class_list":["post-12027","post","type-post","status-publish","format-standard","has-post-thumbnail","hentry","category-actualidad-municipal","tag-colegio-medico-del-peru","tag-incendios","tag-la-malvinas","tag-minsa"],"_links":{"self":[{"href":"https:\/\/elinformanteperu.com\/index.php\/wp-json\/wp\/v2\/posts\/12027","targetHints":{"allow":["GET"]}}],"collection":[{"href":"https:\/\/elinformanteperu.com\/index.php\/wp-json\/wp\/v2\/posts"}],"about":[{"href":"https:\/\/elinformanteperu.com\/index.php\/wp-json\/wp\/v2\/types\/post"}],"author":[{"embeddable":true,"href":"https:\/\/elinformanteperu.com\/index.php\/wp-json\/wp\/v2\/users\/1"}],"replies":[{"embeddable":true,"href":"https:\/\/elinformanteperu.com\/index.php\/wp-json\/wp\/v2\/comments?post=12027"}],"version-history":[{"count":1,"href":"https:\/\/elinformanteperu.com\/index.php\/wp-json\/wp\/v2\/posts\/12027\/revisions"}],"predecessor-version":[{"id":12029,"href":"https:\/\/elinformanteperu.com\/index.php\/wp-json\/wp\/v2\/posts\/12027\/revisions\/12029"}],"wp:featuredmedia":[{"embeddable":true,"href":"https:\/\/elinformanteperu.com\/index.php\/wp-json\/wp\/v2\/media\/12028"}],"wp:attachment":[{"href":"https:\/\/elinformanteperu.com\/index.php\/wp-json\/wp\/v2\/media?parent=12027"}],"wp:term":[{"taxonomy":"category","embeddable":true,"href":"https:\/\/elinformanteperu.com\/index.php\/wp-json\/wp\/v2\/categories?post=12027"},{"taxonomy":"post_tag","embeddable":true,"href":"https:\/\/elinformanteperu.com\/index.php\/wp-json\/wp\/v2\/tags?post=12027"}],"curies":[{"name":"wp","href":"https:\/\/api.w.org\/{rel}","templated":true}]}}