{"id":120126,"date":"2024-04-04T19:23:01","date_gmt":"2024-04-05T00:23:01","guid":{"rendered":"https:\/\/elinformanteperu.com\/?p=120126"},"modified":"2024-04-04T19:23:01","modified_gmt":"2024-04-05T00:23:01","slug":"adrianzen-agradece-al-congreso-por-otorgarle-el-voto-de-confianza-al-gabinete-ministerial","status":"publish","type":"post","link":"https:\/\/elinformanteperu.com\/index.php\/2024\/04\/04\/adrianzen-agradece-al-congreso-por-otorgarle-el-voto-de-confianza-al-gabinete-ministerial\/","title":{"rendered":"Adrianz\u00e9n agradece al Congreso por otorgarle el voto de confianza al Gabinete Ministerial"},"content":{"rendered":"<p><strong><span style=\"color: #000000;\">Indic\u00f3 que este voto de confianza los compromete a trabajar de manera ardua<\/span><\/strong><\/p>\n<p><span style=\"color: #000000;\"><strong>Lima, 03 de Abril 2024, (ANDINA).-<\/strong> El presidente del Consejo de Ministros, Gustavo Adrianz\u00e9n, agradeci\u00f3 al Congreso por otorgar el voto de confianza al Gabinete Ministerial y sostuvo que la reactivaci\u00f3n econ\u00f3mica y la lucha por la seguridad ciudadana son temas que convocan a todas las peruanas y peruanos.<\/span><\/p>\n<p><span style=\"color: #000000;\">\u00abEstamos convencidos que la causa de la reactivaci\u00f3n econ\u00f3mica y lucha por la seguridad ciudadana nos convoca a todas las peruanas y peruanos. Reafirmo mi compromiso por seguir trabajando por todas las peruanas y peruanos\u00bb, expres\u00f3 al concluir su intervenci\u00f3n ante el pleno del Congreso de la Rep\u00fablica.<\/span><\/p>\n<p><span style=\"color: #000000;\">Adrianz\u00e9n remarc\u00f3 que este es un momento para trabajar por el Per\u00fa y que el gobierno no ceder\u00e1 ante quienes pretenden desestabilizar a nuestro pa\u00eds.<\/span><\/p>\n<p><span style=\"color: #000000;\">Se\u00f1al\u00f3 que ser\u00e1 firme en garantizar el orden constitucional, defender la vigencia del estado de derecho, la libertad y democracia.<\/span><\/p>\n<p><span style=\"color: #000000;\">\u00abSobre todo vamos a trabajar para recuperar la confianza que necesitamos para impulsar el crecimiento, darle la paz y tranquilidad a nuestro compatriotas\u00bb, expres\u00f3. <\/span><\/p>\n<p><span style=\"color: #000000;\">Se\u00f1al\u00f3 tambi\u00e9n que la fiscalizaci\u00f3n del Congreso de la Rep\u00fablica, prensa y ciudadan\u00eda siempre ser\u00e1 bienvenida.<\/span><\/p>\n<p><span style=\"color: #000000;\">\u00abEste ser\u00e1 un gabinete que rendir\u00e1 cuentas y estar\u00e1 a disposici\u00f3n del Congreso y se presentar\u00e1 para informar continuamente de acciones de gobierno\u00bb, afirm\u00f3.<\/span><\/p>\n<p><a href=\"https:\/\/elinformanteperu.com\/wp-content\/uploads\/2024\/03\/pleno55.jpg\"><img fetchpriority=\"high\" decoding=\"async\" class=\"size-large wp-image-119792 aligncenter\" src=\"https:\/\/elinformanteperu.com\/wp-content\/uploads\/2024\/03\/pleno55-1024x683.jpg\" alt=\"\" width=\"615\" height=\"410\" srcset=\"https:\/\/elinformanteperu.com\/wp-content\/uploads\/2024\/03\/pleno55-1024x683.jpg 1024w, https:\/\/elinformanteperu.com\/wp-content\/uploads\/2024\/03\/pleno55-300x200.jpg 300w, https:\/\/elinformanteperu.com\/wp-content\/uploads\/2024\/03\/pleno55-768x512.jpg 768w, https:\/\/elinformanteperu.com\/wp-content\/uploads\/2024\/03\/pleno55-1536x1024.jpg 1536w, https:\/\/elinformanteperu.com\/wp-content\/uploads\/2024\/03\/pleno55.jpg 1800w\" sizes=\"(max-width: 615px) 100vw, 615px\" \/><\/a><\/p>\n","protected":false},"excerpt":{"rendered":"<p>Indic\u00f3 que este voto de confianza los compromete a trabajar de manera ardua Lima, 03 de Abril 2024, (ANDINA).- El presidente del Consejo de Ministros, Gustavo Adrianz\u00e9n, agradeci\u00f3 al Congreso por otorgar el voto de confianza al Gabinete Ministerial y sostuvo que la reactivaci\u00f3n econ\u00f3mica y la lucha por la seguridad ciudadana son temas que [&hellip;]<\/p>\n","protected":false},"author":1,"featured_media":120127,"comment_status":"closed","ping_status":"closed","sticky":false,"template":"","format":"standard","meta":{"rop_custom_images_group":[],"rop_custom_messages_group":[],"rop_publish_now":"initial","rop_publish_now_accounts":[],"rop_publish_now_history":[],"rop_publish_now_status":"pending","footnotes":""},"categories":[5],"tags":[7382,189,2317],"class_list":["post-120126","post","type-post","status-publish","format-standard","has-post-thumbnail","hentry","category-actualidad-informativa","tag-gustavo-adrianzen","tag-pcm","tag-presidencia-del-consejo-de-ministros"],"_links":{"self":[{"href":"https:\/\/elinformanteperu.com\/index.php\/wp-json\/wp\/v2\/posts\/120126","targetHints":{"allow":["GET"]}}],"collection":[{"href":"https:\/\/elinformanteperu.com\/index.php\/wp-json\/wp\/v2\/posts"}],"about":[{"href":"https:\/\/elinformanteperu.com\/index.php\/wp-json\/wp\/v2\/types\/post"}],"author":[{"embeddable":true,"href":"https:\/\/elinformanteperu.com\/index.php\/wp-json\/wp\/v2\/users\/1"}],"replies":[{"embeddable":true,"href":"https:\/\/elinformanteperu.com\/index.php\/wp-json\/wp\/v2\/comments?post=120126"}],"version-history":[{"count":1,"href":"https:\/\/elinformanteperu.com\/index.php\/wp-json\/wp\/v2\/posts\/120126\/revisions"}],"predecessor-version":[{"id":120128,"href":"https:\/\/elinformanteperu.com\/index.php\/wp-json\/wp\/v2\/posts\/120126\/revisions\/120128"}],"wp:featuredmedia":[{"embeddable":true,"href":"https:\/\/elinformanteperu.com\/index.php\/wp-json\/wp\/v2\/media\/120127"}],"wp:attachment":[{"href":"https:\/\/elinformanteperu.com\/index.php\/wp-json\/wp\/v2\/media?parent=120126"}],"wp:term":[{"taxonomy":"category","embeddable":true,"href":"https:\/\/elinformanteperu.com\/index.php\/wp-json\/wp\/v2\/categories?post=120126"},{"taxonomy":"post_tag","embeddable":true,"href":"https:\/\/elinformanteperu.com\/index.php\/wp-json\/wp\/v2\/tags?post=120126"}],"curies":[{"name":"wp","href":"https:\/\/api.w.org\/{rel}","templated":true}]}}