{"id":120123,"date":"2024-04-04T19:19:17","date_gmt":"2024-04-05T00:19:17","guid":{"rendered":"https:\/\/elinformanteperu.com\/?p=120123"},"modified":"2024-04-04T19:19:17","modified_gmt":"2024-04-05T00:19:17","slug":"recibimos-voto-de-confianza-con-compromiso-de-desarrollar-el-plan-de-gobierno-presentado","status":"publish","type":"post","link":"https:\/\/elinformanteperu.com\/index.php\/2024\/04\/04\/recibimos-voto-de-confianza-con-compromiso-de-desarrollar-el-plan-de-gobierno-presentado\/","title":{"rendered":"Recibimos voto de confianza con compromiso de desarrollar el plan de gobierno presentado"},"content":{"rendered":"<p><strong><span style=\"color: #000000;\">Afirm\u00f3 el jefe de Gabinete Ministerial, Gustavo Adrianz\u00e9n<\/span><\/strong><\/p>\n<p><span style=\"color: #000000;\"><strong>Lima, 03 de Abril 2024, (ANDINA).-<\/strong> El presidente del Consejo de Ministros, Gustavo Adrianz\u00e9n Olaya, reafirm\u00f3 el compromiso del gabinete para ejecutar las pol\u00edticas de gobierno expuestas en su discurso, tras obtener el voto de confianza por parte del Congreso de la Rep\u00fablica.<\/span><\/p>\n<p><span style=\"color: #000000;\">\u00abRecibimos este voto con humildad y con el compromiso de trabajar arduamente para desarrollar toda la estrategia y el plan de gobierno que hemos presentado\u00bb, indic\u00f3 el premier, quien invit\u00f3 a los parlamentarios a sumar esfuerzos en el proceso de reactivaci\u00f3n econ\u00f3mica y lucha por la seguridad ciudadana. <\/span><\/p>\n<p><span style=\"color: #000000;\">El jefe del Gabinete Ministerial destac\u00f3 el talante democr\u00e1tico de los legisladores y enfatiz\u00f3 que se tom\u00f3 nota de las diversas preocupaciones de la representaci\u00f3n nacional. En esa l\u00ednea, el titular de la Presidencia del Consejo de Ministros invoc\u00f3 a los actores pol\u00edticos y la sociedad civil organizada a mantenerse unidos para alcanzar los grandes objetivos nacionales.<\/span><\/p>\n<p><span style=\"color: #000000;\">\u00abCreemos que lo m\u00e1s importante es la unidad. La unidad en favor de lo que hoy representan los dos grandes retos de nuestro pa\u00eds: la reactivaci\u00f3n econ\u00f3mica y la lucha por la seguridad ciudadana\u00bb, declar\u00f3.<\/span><\/p>\n<p><span style=\"color: #000000;\">ANIN y el cierre de brechas<\/span><\/p>\n<p><span style=\"color: #000000;\">Previamente, en su discurso de cierre ante el Pleno del Congreso, Adrianz\u00e9n Olaya inform\u00f3 que la Autoridad Nacional de Infraestructura (ANIN) ha previsto, antes de que finalice el 2024, culminar 27 instituciones educativas y 4 centros de salud, as\u00ed como iniciar 4 proyectos en el r\u00edo R\u00edmac y 2 proyectos en la ribera del r\u00edo Piura. <\/span><\/p>\n<p><span style=\"color: #000000;\">\u00abA mediano plazo, me refiero al 2025 y 2026 se culminar\u00e1 4 centros de salud adem\u00e1s de 24 proyectos de soluciones integrales en los r\u00edos y quebradas\u00bb, coment\u00f3.<\/span><\/p>\n<p><span style=\"color: #000000;\">El premier Adrianz\u00e9n tambi\u00e9n anunci\u00f3 que se ha previsto realizar viajes de trabajo a las zonas altoandinas, a fin de inspeccionar la problem\u00e1tica vinculada a los hospitales y las escuelas, y a la Amazon\u00eda y las zonas de frontera, para afianzar el desarrollo y la peruanidad.<\/span><\/p>\n","protected":false},"excerpt":{"rendered":"<p>Afirm\u00f3 el jefe de Gabinete Ministerial, Gustavo Adrianz\u00e9n Lima, 03 de Abril 2024, (ANDINA).- El presidente del Consejo de Ministros, Gustavo Adrianz\u00e9n Olaya, reafirm\u00f3 el compromiso del gabinete para ejecutar las pol\u00edticas de gobierno expuestas en su discurso, tras obtener el voto de confianza por parte del Congreso de la Rep\u00fablica. \u00abRecibimos este voto con [&hellip;]<\/p>\n","protected":false},"author":1,"featured_media":120124,"comment_status":"closed","ping_status":"closed","sticky":false,"template":"","format":"standard","meta":{"rop_custom_images_group":[],"rop_custom_messages_group":[],"rop_publish_now":"initial","rop_publish_now_accounts":[],"rop_publish_now_history":[],"rop_publish_now_status":"pending","footnotes":""},"categories":[5],"tags":[7382,189,2317],"class_list":["post-120123","post","type-post","status-publish","format-standard","has-post-thumbnail","hentry","category-actualidad-informativa","tag-gustavo-adrianzen","tag-pcm","tag-presidencia-del-consejo-de-ministros"],"_links":{"self":[{"href":"https:\/\/elinformanteperu.com\/index.php\/wp-json\/wp\/v2\/posts\/120123","targetHints":{"allow":["GET"]}}],"collection":[{"href":"https:\/\/elinformanteperu.com\/index.php\/wp-json\/wp\/v2\/posts"}],"about":[{"href":"https:\/\/elinformanteperu.com\/index.php\/wp-json\/wp\/v2\/types\/post"}],"author":[{"embeddable":true,"href":"https:\/\/elinformanteperu.com\/index.php\/wp-json\/wp\/v2\/users\/1"}],"replies":[{"embeddable":true,"href":"https:\/\/elinformanteperu.com\/index.php\/wp-json\/wp\/v2\/comments?post=120123"}],"version-history":[{"count":1,"href":"https:\/\/elinformanteperu.com\/index.php\/wp-json\/wp\/v2\/posts\/120123\/revisions"}],"predecessor-version":[{"id":120125,"href":"https:\/\/elinformanteperu.com\/index.php\/wp-json\/wp\/v2\/posts\/120123\/revisions\/120125"}],"wp:featuredmedia":[{"embeddable":true,"href":"https:\/\/elinformanteperu.com\/index.php\/wp-json\/wp\/v2\/media\/120124"}],"wp:attachment":[{"href":"https:\/\/elinformanteperu.com\/index.php\/wp-json\/wp\/v2\/media?parent=120123"}],"wp:term":[{"taxonomy":"category","embeddable":true,"href":"https:\/\/elinformanteperu.com\/index.php\/wp-json\/wp\/v2\/categories?post=120123"},{"taxonomy":"post_tag","embeddable":true,"href":"https:\/\/elinformanteperu.com\/index.php\/wp-json\/wp\/v2\/tags?post=120123"}],"curies":[{"name":"wp","href":"https:\/\/api.w.org\/{rel}","templated":true}]}}