{"id":119938,"date":"2024-03-31T11:47:45","date_gmt":"2024-03-31T16:47:45","guid":{"rendered":"https:\/\/elinformanteperu.com\/?p=119938"},"modified":"2024-03-31T11:47:45","modified_gmt":"2024-03-31T16:47:45","slug":"premier-rechaza-filtracion-a-la-prensa-de-fotografias-que-figuran-en-actas-de-fiscalia","status":"publish","type":"post","link":"https:\/\/elinformanteperu.com\/index.php\/2024\/03\/31\/premier-rechaza-filtracion-a-la-prensa-de-fotografias-que-figuran-en-actas-de-fiscalia\/","title":{"rendered":"Premier rechaza filtraci\u00f3n a la prensa de fotograf\u00edas que figuran en actas de fiscal\u00eda"},"content":{"rendered":"<p><strong><span style=\"color: #000000;\">Durante allanamiento a casa de mandataria<\/span><\/strong><\/p>\n<p><span style=\"color: #000000;\"><strong>Lima, 31 de Marzo 2024, (ANDINA).-<\/strong> El presidente del Consejo de Ministros, Gustavo Adrianz\u00e9n, expres\u00f3 su total rechazo a la filtraci\u00f3n a la prensa de las fotograf\u00edas que obran en las actas que levant\u00f3 la fiscal\u00eda durante el allanamiento a la vivienda de la presidenta de la rep\u00fablica, Dina Boluarte, as\u00ed como en Palacio de Gobierno.<\/span><\/p>\n<p><span style=\"color: #000000;\">\u00abA la profunda indignaci\u00f3n por el innecesario, desproporcionado e ilegal allanamiento al domicilio particular de la presidenta, hoy debo agregar mi total rechazo a la filtraci\u00f3n a la prensa de las fotograf\u00edas que obran en las actas suscritas ayer\u00bb, se\u00f1al\u00f3 Adrianz\u00e9n en su cuenta en la red social X.<\/span><\/p>\n<p><span style=\"color: #000000;\">Advirti\u00f3 que tales hechos quiebran el principio de reserva de la investigaci\u00f3n y deben ser denunciados de oficio, tras lo cual se debe iniciar una investigaci\u00f3n que permita identificar a los responsables y sancionarlos con todo el peso de la ley.<\/span><\/p>\n<p><span style=\"color: #000000;\">\u00abEs clara la politizaci\u00f3n de la justicia en esta investigaci\u00f3n. Hay intereses que tratan de perjudicar a la instituci\u00f3n de la Presidencia de la Rep\u00fablica y al Gobierno, sin pensar en la gobernabilidad o el impacto negativo de todo esto al Per\u00fa\u00bb, sostuvo. <\/span><\/p>\n<p><span style=\"color: #000000;\">Adrianz\u00e9n denunci\u00f3 la mediatizaci\u00f3n de este caso que involucra a la jefa de Estado en una investigaci\u00f3n por presunto enriquecimiento il\u00edcito y omisi\u00f3n de consignar declaraci\u00f3n en documento.<\/span><\/p>\n<p><span style=\"color: #000000;\">\u00abDesde el Gabinete Ministerial denunciamos la mediatizaci\u00f3n de este caso, que solo ratifica que nos encontramos frente a una instrumentalizaci\u00f3n indebida y una inaceptable politizaci\u00f3n de la justicia\u00bb, enfatiz\u00f3.<\/span><\/p>\n","protected":false},"excerpt":{"rendered":"<p>Durante allanamiento a casa de mandataria Lima, 31 de Marzo 2024, (ANDINA).- El presidente del Consejo de Ministros, Gustavo Adrianz\u00e9n, expres\u00f3 su total rechazo a la filtraci\u00f3n a la prensa de las fotograf\u00edas que obran en las actas que levant\u00f3 la fiscal\u00eda durante el allanamiento a la vivienda de la presidenta de la rep\u00fablica, Dina [&hellip;]<\/p>\n","protected":false},"author":1,"featured_media":119939,"comment_status":"closed","ping_status":"closed","sticky":false,"template":"","format":"standard","meta":{"rop_custom_images_group":[],"rop_custom_messages_group":[],"rop_publish_now":"initial","rop_publish_now_accounts":[],"rop_publish_now_history":[],"rop_publish_now_status":"pending","footnotes":""},"categories":[5],"tags":[6528,7382,189,2317],"class_list":["post-119938","post","type-post","status-publish","format-standard","has-post-thumbnail","hentry","category-actualidad-informativa","tag-dina-boluarte","tag-gustavo-adrianzen","tag-pcm","tag-presidencia-del-consejo-de-ministros"],"_links":{"self":[{"href":"https:\/\/elinformanteperu.com\/index.php\/wp-json\/wp\/v2\/posts\/119938","targetHints":{"allow":["GET"]}}],"collection":[{"href":"https:\/\/elinformanteperu.com\/index.php\/wp-json\/wp\/v2\/posts"}],"about":[{"href":"https:\/\/elinformanteperu.com\/index.php\/wp-json\/wp\/v2\/types\/post"}],"author":[{"embeddable":true,"href":"https:\/\/elinformanteperu.com\/index.php\/wp-json\/wp\/v2\/users\/1"}],"replies":[{"embeddable":true,"href":"https:\/\/elinformanteperu.com\/index.php\/wp-json\/wp\/v2\/comments?post=119938"}],"version-history":[{"count":1,"href":"https:\/\/elinformanteperu.com\/index.php\/wp-json\/wp\/v2\/posts\/119938\/revisions"}],"predecessor-version":[{"id":119940,"href":"https:\/\/elinformanteperu.com\/index.php\/wp-json\/wp\/v2\/posts\/119938\/revisions\/119940"}],"wp:featuredmedia":[{"embeddable":true,"href":"https:\/\/elinformanteperu.com\/index.php\/wp-json\/wp\/v2\/media\/119939"}],"wp:attachment":[{"href":"https:\/\/elinformanteperu.com\/index.php\/wp-json\/wp\/v2\/media?parent=119938"}],"wp:term":[{"taxonomy":"category","embeddable":true,"href":"https:\/\/elinformanteperu.com\/index.php\/wp-json\/wp\/v2\/categories?post=119938"},{"taxonomy":"post_tag","embeddable":true,"href":"https:\/\/elinformanteperu.com\/index.php\/wp-json\/wp\/v2\/tags?post=119938"}],"curies":[{"name":"wp","href":"https:\/\/api.w.org\/{rel}","templated":true}]}}