{"id":119915,"date":"2024-03-31T10:36:37","date_gmt":"2024-03-31T15:36:37","guid":{"rendered":"https:\/\/elinformanteperu.com\/?p=119915"},"modified":"2024-03-31T10:36:37","modified_gmt":"2024-03-31T15:36:37","slug":"pobres-criaturas-todo-sobre-la-iconica-secuencia-de-baile-creada-por-la-coreograda-constanza-macras","status":"publish","type":"post","link":"https:\/\/elinformanteperu.com\/index.php\/2024\/03\/31\/pobres-criaturas-todo-sobre-la-iconica-secuencia-de-baile-creada-por-la-coreograda-constanza-macras\/","title":{"rendered":"\u00abPobres criaturas\u00bb: Todo sobre la ic\u00f3nica secuencia de baile creada por la core\u00f3grada Constanza Macras"},"content":{"rendered":"<p><strong><span style=\"color: #000000;\">La pel\u00edcula ganadora de 4 Oscar, del director Yorgos Lanthinos, ya se encuentra en la plataforma Star+<\/span><\/strong><\/p>\n<p><span style=\"color: #000000;\"><strong>Lima, 31 de Marzo 2024, (El Informante Per\u00fa).-<\/strong> Tras su paso por los cines a comienzos de este a\u00f1o, y luego de haber ganado cuatro premios Oscar, incluyendo el de Mejor actriz protag\u00f3nica para Emma Stone, \u201cPobres criaturas\u201d ya se encuentra disponible en Star+ para introducir a nuevas audiencias al fascinante mundo de Bella Baxter (Stone). En la pel\u00edcula del realizador Yorgos Lanthimos, Bella es una joven que vuelve a la vida mediante un experimento del cient\u00edfico Godwin Baxter (Willem Dafoe). Ansiosa por descubrir el mundo que la rodea, la joven inexperta deja atr\u00e1s su hogar en Londres para recorrer distintas ciudades y experimentarlo todo de la mano de Duncan Wedderburn (Mark Ruffalo), un abogado astuto y libertino.<\/span><\/p>\n<p><span style=\"color: #000000;\">Desde su estreno en cines, \u201cPobres criaturas\u201d viene alojando en la retina colectiva numerosas escenas extraordinarias entre las que se encuentra la cena en Lisboa, en la que Bella y Duncan protagonizan una singular secuencia de baile creada por la reconocida core\u00f3grafa argentina Constanza Macras.<\/span><\/p>\n<p><span style=\"color: #000000;\">Desde Berl\u00edn, donde reside y est\u00e1 al frente de su compa\u00f1\u00eda de danza y teatro DorkyPark, Constanza Macras revela detalles poco conocidos del proceso de creaci\u00f3n del baile de Bella y Duncan.<\/span><\/p>\n<p><strong><span style=\"color: #000000;\">Comprendiendo a Bella<\/span><\/strong><\/p>\n<p><a href=\"https:\/\/elinformanteperu.com\/wp-content\/uploads\/2024\/01\/pobres-criaturas-7.jpg\"><img fetchpriority=\"high\" decoding=\"async\" class=\"size-full wp-image-119121 aligncenter\" src=\"https:\/\/elinformanteperu.com\/wp-content\/uploads\/2024\/01\/pobres-criaturas-7.jpg\" alt=\"\" width=\"495\" height=\"375\" srcset=\"https:\/\/elinformanteperu.com\/wp-content\/uploads\/2024\/01\/pobres-criaturas-7.jpg 495w, https:\/\/elinformanteperu.com\/wp-content\/uploads\/2024\/01\/pobres-criaturas-7-300x227.jpg 300w\" sizes=\"(max-width: 495px) 100vw, 495px\" \/><\/a><span style=\"color: #000000;\">Tras haber colaborado con Lanthimos en su pel\u00edcula de 2018 La favorita, Macras fue convocada nuevamente por el director para dar vida al baile de Bella y Duncan. La secuencia tiene lugar en Lisboa, la primera escala en el viaje de descubrimiento de la protagonista, quien todav\u00eda siente extra\u00f1amientos en el cuerpo de mujer que se le ha dado a trav\u00e9s del experimento de Godwin.<\/span><\/p>\n<p><span style=\"color: #000000;\">Cuenta Macras que Lanthimos comparti\u00f3 el guion completo del film con ella, lo que le permiti\u00f3 entender de d\u00f3nde ven\u00eda y hacia d\u00f3nde iba Bella, y sus implicancias desde el punto de vista del baile y el movimiento. \u201cTom\u00e9 la idea de una ni\u00f1a que no controla su cuerpo, de alguien que tiene un cerebro que no es propio y que por lo tanto se mueve descoordinadamente\u201d, se\u00f1ala la core\u00f3grafa, y agrega: \u201cPor otra parte, la danza se da en un momento en el que Bella se empieza a querer liberar de Duncan. Se fue con \u00e9l a Lisboa, empieza a experimentar el mundo y ahora siente su control. Deja de estar obnubilada por \u00e9l. Esta danza marca ese quiebre\u201d.<\/span><\/p>\n<p><span style=\"color: #000000;\">El resultado es una coreograf\u00eda poderosa que evidencia el primer conflicto entre los personajes, con influencias que van desde el tango y el folclore portugu\u00e9s hasta el twerking, pero que a su vez -fiel al estilo de Yorgos- no se asemeja a nada de todo eso.<\/span><\/p>\n<p><strong><span style=\"color: #000000;\">Las complejidades de una escena<\/span><\/strong><\/p>\n<p><a href=\"https:\/\/elinformanteperu.com\/wp-content\/uploads\/2024\/01\/pobres-criaturas1.png\"><img decoding=\"async\" class=\"size-full wp-image-118964 aligncenter\" src=\"https:\/\/elinformanteperu.com\/wp-content\/uploads\/2024\/01\/pobres-criaturas1.png\" alt=\"\" width=\"369\" height=\"303\" srcset=\"https:\/\/elinformanteperu.com\/wp-content\/uploads\/2024\/01\/pobres-criaturas1.png 369w, https:\/\/elinformanteperu.com\/wp-content\/uploads\/2024\/01\/pobres-criaturas1-300x246.png 300w\" sizes=\"(max-width: 369px) 100vw, 369px\" \/><\/a><span style=\"color: #000000;\">La escena del baile, incluyendo la secuencia de pelea subsiguiente que tambi\u00e9n coreografi\u00f3 Macras, present\u00f3 algunos desaf\u00edos durante el rodaje. \u201cGrabamos en Budapest en plena pandemia de Covid-19, as\u00ed que los extras que participan del baile iban cambiando constantemente porque se enfermaban y deb\u00edan ser reemplazados. Eso implic\u00f3 empezar de cero una y otra vez\u201d, cuenta, al tiempo que agrega que cada uno de ellos recib\u00eda indicaciones en h\u00fangaro por auricular para facilitar el trabajo durante las 15 horas de rodaje que requiri\u00f3 la secuencia. En total, Macras cre\u00f3 tres coreograf\u00edas para los extras, que no eran bailarines profesionales.<\/span><\/p>\n<p><strong><span style=\"color: #000000;\">El talento de Emma Stone y Mark Ruffalo<\/span><\/strong><\/p>\n<p><a href=\"https:\/\/elinformanteperu.com\/wp-content\/uploads\/2024\/01\/pobres-criaturas-8.jpg\"><img decoding=\"async\" class=\"size-full wp-image-119123 aligncenter\" src=\"https:\/\/elinformanteperu.com\/wp-content\/uploads\/2024\/01\/pobres-criaturas-8.jpg\" alt=\"\" width=\"494\" height=\"366\" srcset=\"https:\/\/elinformanteperu.com\/wp-content\/uploads\/2024\/01\/pobres-criaturas-8.jpg 494w, https:\/\/elinformanteperu.com\/wp-content\/uploads\/2024\/01\/pobres-criaturas-8-300x222.jpg 300w\" sizes=\"(max-width: 494px) 100vw, 494px\" \/><\/a><span style=\"color: #000000;\">La altura de los actores, las caracter\u00edsticas de los personajes, el momento en que transcurre el baile dentro de la historia y el estilo de Lanthimos fueron algunos de los factores que se tuvieron en cuenta para armar la danza protagonizada por Stone y Ruffalo.<\/span><\/p>\n<p><span style=\"color: #000000;\">Macras y su equipo ensayaron junto a la actriz y el actor durante dos semanas, en lo que result\u00f3 un proceso enriquecedor y gratificante para todos. Los artistas hicieron aportes desde sus visiones de los personajes e imprimieron su sello en la escena. En el caso de Stone, su experiencia previa con la danza para la pel\u00edcula de 2016 La La Land facilit\u00f3 a\u00fan m\u00e1s el proceso. Juntos, los artistas trabajaron intensamente para materializar la visi\u00f3n de Macras y Lanthimos para ese momento del film.<\/span><\/p>\n<p><strong><span style=\"color: #000000;\">Trabajar con Yorgos Lanthinos<\/span><\/strong><\/p>\n<p><a href=\"https:\/\/elinformanteperu.com\/wp-content\/uploads\/2024\/01\/pobres-criaturas2.png\"><img loading=\"lazy\" decoding=\"async\" class=\"size-full wp-image-118965 aligncenter\" src=\"https:\/\/elinformanteperu.com\/wp-content\/uploads\/2024\/01\/pobres-criaturas2.png\" alt=\"\" width=\"422\" height=\"251\" srcset=\"https:\/\/elinformanteperu.com\/wp-content\/uploads\/2024\/01\/pobres-criaturas2.png 422w, https:\/\/elinformanteperu.com\/wp-content\/uploads\/2024\/01\/pobres-criaturas2-300x178.png 300w\" sizes=\"(max-width: 422px) 100vw, 422px\" \/><\/a><span style=\"color: #000000;\">Macras asegura que trabajar con Lanthimos es una experiencia enormemente enriquecedora. A diferencia de las obras teatrales que dirige, en las que ella tiene el control creativo total, el proceso de cine la coloca en otro lugar. \u201cAc\u00e1 soy un instrumento para una parte de un guion que es la visi\u00f3n de otro. Implica insertarse en el engranaje que es una pel\u00edcula, con muchas partes funcionando en simult\u00e1neo\u201d, se\u00f1ala Macras.<\/span><\/p>\n<p><span style=\"color: #000000;\">Seg\u00fan la core\u00f3grafa, la belleza del trabajo de Lanthimos radica en el uso que hace del movimiento dentro de sus historias. \u201cLa forma en que usa la danza no es decorativa. Es profunda, graciosa y dram\u00e1tica a la vez. Tiene m\u00faltiples funciones dramat\u00fargicas que le aportan mucho a la trama en el momento en el que est\u00e1n. Adem\u00e1s, la usa para marcar giros en las relaciones de los personajes\u201d, explica Macras, y concluye: \u201cMe gusta trabajar con \u00e9l porque no tiene una forma simplista de usar el movimiento, sino todo lo contrario\u201d.<\/span><\/p>\n<p><strong><span style=\"color: #000000;\">De Latinoam\u00e9rica al mundo<\/span><\/strong><\/p>\n<p><a href=\"https:\/\/elinformanteperu.com\/wp-content\/uploads\/2017\/08\/emma-stone1.jpeg\"><img loading=\"lazy\" decoding=\"async\" class=\"size-large wp-image-14684 aligncenter\" src=\"https:\/\/elinformanteperu.com\/wp-content\/uploads\/2017\/08\/emma-stone1-1024x588.jpeg\" alt=\"\" width=\"615\" height=\"353\" srcset=\"https:\/\/elinformanteperu.com\/wp-content\/uploads\/2017\/08\/emma-stone1-1024x588.jpeg 1024w, https:\/\/elinformanteperu.com\/wp-content\/uploads\/2017\/08\/emma-stone1-300x172.jpeg 300w, https:\/\/elinformanteperu.com\/wp-content\/uploads\/2017\/08\/emma-stone1-768x441.jpeg 768w, https:\/\/elinformanteperu.com\/wp-content\/uploads\/2017\/08\/emma-stone1-128x73.jpeg 128w, https:\/\/elinformanteperu.com\/wp-content\/uploads\/2017\/08\/emma-stone1-32x18.jpeg 32w, https:\/\/elinformanteperu.com\/wp-content\/uploads\/2017\/08\/emma-stone1.jpeg 1214w\" sizes=\"(max-width: 615px) 100vw, 615px\" \/><\/a><span style=\"color: #000000;\">Al momento de analizar su trabajo en \u201cPobres criaturas\u201d y en el resto de sus obras, Macras no duda en asegurar que sus or\u00edgenes latinos permean en todo lo que hace. Cuenta que sus creaciones est\u00e1n colmadas de referencias a textos, m\u00fasica y otras piezas de arte argentino y sudamericano, pero cree que la impronta incluso va m\u00e1s all\u00e1. En este sentido, concluye con orgullo: \u201cLa forma en que me muevo y la manera en que pienso el movimiento tiene que ver con el lugar de donde vengo. Aunque viva en Europa desde hace m\u00e1s de treinta a\u00f1os, est\u00e1 en todo lo que hago\u201d.<\/span><\/p>\n<p><iframe title=\"YouTube video player\" src=\"https:\/\/www.youtube-nocookie.com\/embed\/HGK_FyxBs2M?si=OdK-tsU3eyV61YNf&amp;controls=0\" width=\"520\" height=\"315\" frameborder=\"0\" allowfullscreen=\"allowfullscreen\"><span data-mce-type=\"bookmark\" style=\"display: inline-block; width: 0px; overflow: hidden; line-height: 0;\" class=\"mce_SELRES_start\">\ufeff<\/span><\/iframe><\/p>\n","protected":false},"excerpt":{"rendered":"<p>La pel\u00edcula ganadora de 4 Oscar, del director Yorgos Lanthinos, ya se encuentra en la plataforma Star+ Lima, 31 de Marzo 2024, (El Informante Per\u00fa).- Tras su paso por los cines a comienzos de este a\u00f1o, y luego de haber ganado cuatro premios Oscar, incluyendo el de Mejor actriz protag\u00f3nica para Emma Stone, \u201cPobres criaturas\u201d [&hellip;]<\/p>\n","protected":false},"author":1,"featured_media":118963,"comment_status":"closed","ping_status":"closed","sticky":false,"template":"","format":"standard","meta":{"rop_custom_images_group":[],"rop_custom_messages_group":[],"rop_publish_now":"initial","rop_publish_now_accounts":[],"rop_publish_now_history":[],"rop_publish_now_status":"pending","footnotes":""},"categories":[7],"tags":[7354,7350],"class_list":["post-119915","post","type-post","status-publish","format-standard","has-post-thumbnail","hentry","category-butaca","tag-oscar-2024","tag-pobres-criaturas"],"_links":{"self":[{"href":"https:\/\/elinformanteperu.com\/index.php\/wp-json\/wp\/v2\/posts\/119915","targetHints":{"allow":["GET"]}}],"collection":[{"href":"https:\/\/elinformanteperu.com\/index.php\/wp-json\/wp\/v2\/posts"}],"about":[{"href":"https:\/\/elinformanteperu.com\/index.php\/wp-json\/wp\/v2\/types\/post"}],"author":[{"embeddable":true,"href":"https:\/\/elinformanteperu.com\/index.php\/wp-json\/wp\/v2\/users\/1"}],"replies":[{"embeddable":true,"href":"https:\/\/elinformanteperu.com\/index.php\/wp-json\/wp\/v2\/comments?post=119915"}],"version-history":[{"count":1,"href":"https:\/\/elinformanteperu.com\/index.php\/wp-json\/wp\/v2\/posts\/119915\/revisions"}],"predecessor-version":[{"id":119916,"href":"https:\/\/elinformanteperu.com\/index.php\/wp-json\/wp\/v2\/posts\/119915\/revisions\/119916"}],"wp:featuredmedia":[{"embeddable":true,"href":"https:\/\/elinformanteperu.com\/index.php\/wp-json\/wp\/v2\/media\/118963"}],"wp:attachment":[{"href":"https:\/\/elinformanteperu.com\/index.php\/wp-json\/wp\/v2\/media?parent=119915"}],"wp:term":[{"taxonomy":"category","embeddable":true,"href":"https:\/\/elinformanteperu.com\/index.php\/wp-json\/wp\/v2\/categories?post=119915"},{"taxonomy":"post_tag","embeddable":true,"href":"https:\/\/elinformanteperu.com\/index.php\/wp-json\/wp\/v2\/tags?post=119915"}],"curies":[{"name":"wp","href":"https:\/\/api.w.org\/{rel}","templated":true}]}}