{"id":119911,"date":"2024-03-31T10:23:06","date_gmt":"2024-03-31T15:23:06","guid":{"rendered":"https:\/\/elinformanteperu.com\/?p=119911"},"modified":"2024-03-31T10:23:53","modified_gmt":"2024-03-31T15:23:53","slug":"en-cartelera-cabrini","status":"publish","type":"post","link":"https:\/\/elinformanteperu.com\/index.php\/2024\/03\/31\/en-cartelera-cabrini\/","title":{"rendered":"En cartelera: \u00abCabrini\u00bb"},"content":{"rendered":"<p><span style=\"color: #000000;\"><strong>Lima, 31 de Marzo 2024, (El Informante Per\u00fa).-<\/strong> Se estren\u00f3 \u00abCabrini\u00bb, una historia basada en la vida ejemplar de la santa Francesca Cabrini, quien tuvo que enfrentar el sexismo y el machismo de <\/span><span style=\"color: #000000;\">la \u00e9poca.<\/span><\/p>\n<p><span style=\"color: #000000;\">Se trata de otra apuesta de Alejandro Monteverde, una producci\u00f3n de \u00e9poca cargada de emoci\u00f3n, humanidad.<\/span><\/p>\n<p><span style=\"color: #000000;\">La pel\u00edcula comienza en la Nueva York de 1889 con una impecable recreaci\u00f3n de \u00e9poca y una escena dram\u00e1tica: un ni\u00f1o inmigrante italiano pierde a su madre en un hospital y es maltratado por las autoridades. Ser\u00e1 la introducci\u00f3n de una epopeya de gran factura que tiene como protagonista a Francesca Cabrini, una inmigrante italiana que <\/span><span style=\"color: #000000;\">lleg\u00f3 a la ciudad de Nueva York y fue recibida por la enfermedad, el crimen y muchos ni\u00f1os empobrecidos.<\/span><\/p>\n<p><span style=\"color: #000000;\">En este escenario de crisis, Cabrini emprender\u00e1 una audaz misi\u00f3n para convencer al hostil alcalde de asegurar vivienda y atenci\u00f3n m\u00e9dica para los m\u00e1s vulnerables de la sociedad. Con un ingl\u00e9s a medias y una salud precaria, Cabrini utiliza su mente emprendedora para construir un imperio de esperanza como nunca se hab\u00eda visto en el mundo.<\/span><\/p>\n<p><span style=\"color: #000000;\">Su batalla fue tambi\u00e9n contra el sexismo y el machismo de la \u00e9poca. Esto la ha destacado como un modelo a seguir en el empoderamiento de la mujer.<\/span><\/p>\n<p><a href=\"https:\/\/elinformanteperu.com\/wp-content\/uploads\/2024\/03\/cabrini1.jpg\"><img fetchpriority=\"high\" decoding=\"async\" class=\"size-full wp-image-119913 aligncenter\" src=\"https:\/\/elinformanteperu.com\/wp-content\/uploads\/2024\/03\/cabrini1.jpg\" alt=\"\" width=\"824\" height=\"464\" srcset=\"https:\/\/elinformanteperu.com\/wp-content\/uploads\/2024\/03\/cabrini1.jpg 824w, https:\/\/elinformanteperu.com\/wp-content\/uploads\/2024\/03\/cabrini1-300x169.jpg 300w, https:\/\/elinformanteperu.com\/wp-content\/uploads\/2024\/03\/cabrini1-768x432.jpg 768w, https:\/\/elinformanteperu.com\/wp-content\/uploads\/2024\/03\/cabrini1-620x350.jpg 620w\" sizes=\"(max-width: 824px) 100vw, 824px\" \/><\/a><span style=\"color: #000000;\">Francesca Cabrini \u2013conocida como La Santa de los Inmigrantes\u2013 naci\u00f3 el 15 de julio de 1850 en Sant&#8217;Angelo Lodigiano (Italia) y falleci\u00f3 el <\/span><span style=\"color: #000000;\">22 de diciembre de 1917 en Chicago (Estados Unidos). Fund\u00f3 las Misioneras del Sagrado Coraz\u00f3n de Jes\u00fas en el siglo XIX y fue la primera ciudadana estadounidense en ser canonizada por la Iglesia <\/span><span style=\"color: #000000;\">Cat\u00f3lica, el 7 de julio de 1946.<\/span><\/p>\n<p><span style=\"color: #000000;\">Monteverde vuelve a acercarse a personajes notables que hacen de este mundo un lugar mejor en una pel\u00edcula de \u00e9poca que destaca por su calidad visual y un guion cargado de emociones.<\/span><\/p>\n<p><span style=\"color: #000000;\">\u201cElla no pod\u00eda dormir sabiendo que hab\u00eda ni\u00f1os viviendo en las calles\u201d, destaca el director.<\/span><\/p>\n<p><span style=\"color: #000000;\">\u201cTambi\u00e9n luch\u00f3 por su propia salud porque los m\u00e9dicos le daban un a\u00f1o de vida, y ella siempre pod\u00eda exprimir un a\u00f1o m\u00e1s de vida, porque ten\u00eda un prop\u00f3sito muy fuerte. Eso es lo que me encanta de su <\/span><span style=\"color: #000000;\">vida. En muchos sentidos fue definitivamente cinematogr\u00e1fica, lo que significa que su historia es muy ingeniosa. Fue una inspiraci\u00f3n para mujeres como la Madre Teresa, quien tambi\u00e9n vivi\u00f3 una vida incre\u00edble para los dem\u00e1s\u201d, agrega Monteverde.<\/span><\/p>\n<p><span style=\"color: #000000;\">Cabrini cuenta con las actuaciones de Cristiana Dell\u2019Anna, John Lithgow, David Morse, Federico Castelluccio y Giancarlo Giannini, entre otros.<\/span><\/p>\n<p><span style=\"color: #000000;\">Es una pel\u00edcula ideal para los seguidores de historias notables y los admiradores de la obra de un director (su filmograf\u00eda tambi\u00e9n incluye \u201cEl gran peque\u00f1o\u201d y \u201cBella\u201d) que ha buscado la luz en medio de la oscuridad de la historia.<\/span><\/p>\n<p><strong><span style=\"color: #000000;\">Ficha T\u00e9cnica<\/span><\/strong><\/p>\n<p><strong><span style=\"color: #000000;\">\u201cCabrini\u201d<\/span><\/strong><\/p>\n<p><span style=\"color: #000000;\"><strong>Duraci\u00f3n:<\/strong> 145 min.<\/span><br \/>\n<span style=\"color: #000000;\"><strong>Director:<\/strong> Alejandro Monteverde<\/span><br \/>\n<span style=\"color: #000000;\"><strong>Reparto:<\/strong> Cristiana Dell&#8217;Anna, John Lithgow, David Morse<\/span><br \/>\n<span style=\"color: #000000;\"><strong>Pa\u00eds de Origen:<\/strong> Estados Unidos.<\/span><\/p>\n<p><iframe title=\"YouTube video player\" src=\"https:\/\/www.youtube-nocookie.com\/embed\/xBrollM2OMk?si=lLiElJ4EcwPyBHVu&amp;controls=0\" width=\"520\" height=\"315\" frameborder=\"0\" allowfullscreen=\"allowfullscreen\"><span data-mce-type=\"bookmark\" style=\"display: inline-block; width: 0px; overflow: hidden; line-height: 0;\" class=\"mce_SELRES_start\">\ufeff<\/span><\/iframe><\/p>\n","protected":false},"excerpt":{"rendered":"<p>Lima, 31 de Marzo 2024, (El Informante Per\u00fa).- Se estren\u00f3 \u00abCabrini\u00bb, una historia basada en la vida ejemplar de la santa Francesca Cabrini, quien tuvo que enfrentar el sexismo y el machismo de la \u00e9poca. Se trata de otra apuesta de Alejandro Monteverde, una producci\u00f3n de \u00e9poca cargada de emoci\u00f3n, humanidad. La pel\u00edcula comienza en [&hellip;]<\/p>\n","protected":false},"author":1,"featured_media":119912,"comment_status":"closed","ping_status":"closed","sticky":false,"template":"","format":"standard","meta":{"rop_custom_images_group":[],"rop_custom_messages_group":[],"rop_publish_now":"initial","rop_publish_now_accounts":[],"rop_publish_now_history":[],"rop_publish_now_status":"pending","footnotes":""},"categories":[7],"tags":[1807],"class_list":["post-119911","post","type-post","status-publish","format-standard","has-post-thumbnail","hentry","category-butaca","tag-bf-distribution"],"_links":{"self":[{"href":"https:\/\/elinformanteperu.com\/index.php\/wp-json\/wp\/v2\/posts\/119911","targetHints":{"allow":["GET"]}}],"collection":[{"href":"https:\/\/elinformanteperu.com\/index.php\/wp-json\/wp\/v2\/posts"}],"about":[{"href":"https:\/\/elinformanteperu.com\/index.php\/wp-json\/wp\/v2\/types\/post"}],"author":[{"embeddable":true,"href":"https:\/\/elinformanteperu.com\/index.php\/wp-json\/wp\/v2\/users\/1"}],"replies":[{"embeddable":true,"href":"https:\/\/elinformanteperu.com\/index.php\/wp-json\/wp\/v2\/comments?post=119911"}],"version-history":[{"count":1,"href":"https:\/\/elinformanteperu.com\/index.php\/wp-json\/wp\/v2\/posts\/119911\/revisions"}],"predecessor-version":[{"id":119914,"href":"https:\/\/elinformanteperu.com\/index.php\/wp-json\/wp\/v2\/posts\/119911\/revisions\/119914"}],"wp:featuredmedia":[{"embeddable":true,"href":"https:\/\/elinformanteperu.com\/index.php\/wp-json\/wp\/v2\/media\/119912"}],"wp:attachment":[{"href":"https:\/\/elinformanteperu.com\/index.php\/wp-json\/wp\/v2\/media?parent=119911"}],"wp:term":[{"taxonomy":"category","embeddable":true,"href":"https:\/\/elinformanteperu.com\/index.php\/wp-json\/wp\/v2\/categories?post=119911"},{"taxonomy":"post_tag","embeddable":true,"href":"https:\/\/elinformanteperu.com\/index.php\/wp-json\/wp\/v2\/tags?post=119911"}],"curies":[{"name":"wp","href":"https:\/\/api.w.org\/{rel}","templated":true}]}}