{"id":119904,"date":"2024-03-31T10:01:25","date_gmt":"2024-03-31T15:01:25","guid":{"rendered":"https:\/\/elinformanteperu.com\/?p=119904"},"modified":"2024-03-31T10:01:25","modified_gmt":"2024-03-31T15:01:25","slug":"harold-y-su-crayon-magico-mira-el-trailer","status":"publish","type":"post","link":"https:\/\/elinformanteperu.com\/index.php\/2024\/03\/31\/harold-y-su-crayon-magico-mira-el-trailer\/","title":{"rendered":"\u201cHarold y su cray\u00f3n m\u00e1gico\u201d: Mira el tr\u00e1iler"},"content":{"rendered":"<p><span style=\"color: #000000;\"><strong>Lima, 31 de Marzo 2024, (El Informante Per\u00fa).<\/strong>&#8211; La nueva adaptaci\u00f3n cinematogr\u00e1fica en acci\u00f3n real de Sony Pictures, &#8216;Harold y su cray\u00f3n m\u00e1gico&#8217;, llegar\u00e1 en agosto del 2024, por esto, acaban de lanzar el tr\u00e1iler oficial de la cinta basada en el popular <\/span><span style=\"color: #000000;\">libro infantil de Crockett Johnson. El proyecto cinematogr\u00e1fico est\u00e1 a cargo del d\u00fao de guionistas formado por David Guion y Michael Handelman<\/span><br \/>\n<span style=\"color: #000000;\">y contar\u00e1 con la direcci\u00f3n de Carlos Saldanha, reconocido por su trabajo en \u201cRio\u201d y \u201cLa era de Hielo\u201d.<\/span><\/p>\n<p><span style=\"color: #000000;\">Dentro de su libro, el aventurero Harold puede hacer que cualquier cosa cobre vida simplemente dibuj\u00e1ndolo. Despu\u00e9s de crecer y salir de las <\/span><span style=\"color: #000000;\">p\u00e1ginas del libro y entrar en el mundo f\u00edsico, Harold descubre que tiene mucho que aprender sobre la vida real, y que su fiel cray\u00f3n m\u00e1gico puede provocar m\u00e1s trucos hilarantes de lo que cre\u00eda posible.<\/span><\/p>\n<p><span style=\"color: #000000;\">Cuando el poder de la imaginaci\u00f3n ilimitada caiga en las manos equivocadas, se necesitar\u00e1 toda la creatividad de Harold y sus amigos para salvar tanto el mundo real como el suyo.<\/span><\/p>\n<p><span style=\"color: #000000;\">&#8216;Harold y su cray\u00f3n m\u00e1gico&#8217; es la primera adaptaci\u00f3n cinematogr\u00e1fica del querido cl\u00e1sico infantil que ha cautivado a los j\u00f3venes lectores durante d\u00e9cadas. El cast est\u00e1 compuesto por la estrella Zachary Levi, quien compartir\u00e1 roles con Lil Rel Howery, Zooey Deschanel y Tanya Reynolds.<\/span><\/p>\n<p><iframe title=\"YouTube video player\" src=\"https:\/\/www.youtube-nocookie.com\/embed\/T4bvKwP870A?si=ZOlxqkeUm_k3c4kC&amp;controls=0\" width=\"520\" height=\"315\" frameborder=\"0\" allowfullscreen=\"allowfullscreen\"><span data-mce-type=\"bookmark\" style=\"display: inline-block; width: 0px; overflow: hidden; line-height: 0;\" class=\"mce_SELRES_start\">\ufeff<\/span><\/iframe><\/p>\n","protected":false},"excerpt":{"rendered":"<p>Lima, 31 de Marzo 2024, (El Informante Per\u00fa).&#8211; La nueva adaptaci\u00f3n cinematogr\u00e1fica en acci\u00f3n real de Sony Pictures, &#8216;Harold y su cray\u00f3n m\u00e1gico&#8217;, llegar\u00e1 en agosto del 2024, por esto, acaban de lanzar el tr\u00e1iler oficial de la cinta basada en el popular libro infantil de Crockett Johnson. El proyecto cinematogr\u00e1fico est\u00e1 a cargo del [&hellip;]<\/p>\n","protected":false},"author":1,"featured_media":119905,"comment_status":"closed","ping_status":"closed","sticky":false,"template":"","format":"standard","meta":{"rop_custom_images_group":[],"rop_custom_messages_group":[],"rop_publish_now":"initial","rop_publish_now_accounts":[],"rop_publish_now_history":[],"rop_publish_now_status":"pending","footnotes":""},"categories":[7],"tags":[],"class_list":["post-119904","post","type-post","status-publish","format-standard","has-post-thumbnail","hentry","category-butaca"],"_links":{"self":[{"href":"https:\/\/elinformanteperu.com\/index.php\/wp-json\/wp\/v2\/posts\/119904","targetHints":{"allow":["GET"]}}],"collection":[{"href":"https:\/\/elinformanteperu.com\/index.php\/wp-json\/wp\/v2\/posts"}],"about":[{"href":"https:\/\/elinformanteperu.com\/index.php\/wp-json\/wp\/v2\/types\/post"}],"author":[{"embeddable":true,"href":"https:\/\/elinformanteperu.com\/index.php\/wp-json\/wp\/v2\/users\/1"}],"replies":[{"embeddable":true,"href":"https:\/\/elinformanteperu.com\/index.php\/wp-json\/wp\/v2\/comments?post=119904"}],"version-history":[{"count":1,"href":"https:\/\/elinformanteperu.com\/index.php\/wp-json\/wp\/v2\/posts\/119904\/revisions"}],"predecessor-version":[{"id":119906,"href":"https:\/\/elinformanteperu.com\/index.php\/wp-json\/wp\/v2\/posts\/119904\/revisions\/119906"}],"wp:featuredmedia":[{"embeddable":true,"href":"https:\/\/elinformanteperu.com\/index.php\/wp-json\/wp\/v2\/media\/119905"}],"wp:attachment":[{"href":"https:\/\/elinformanteperu.com\/index.php\/wp-json\/wp\/v2\/media?parent=119904"}],"wp:term":[{"taxonomy":"category","embeddable":true,"href":"https:\/\/elinformanteperu.com\/index.php\/wp-json\/wp\/v2\/categories?post=119904"},{"taxonomy":"post_tag","embeddable":true,"href":"https:\/\/elinformanteperu.com\/index.php\/wp-json\/wp\/v2\/tags?post=119904"}],"curies":[{"name":"wp","href":"https:\/\/api.w.org\/{rel}","templated":true}]}}