{"id":11989,"date":"2017-06-23T01:05:37","date_gmt":"2017-06-23T06:05:37","guid":{"rendered":"http:\/\/elinformanteperu.com\/?p=11989"},"modified":"2017-06-23T01:05:37","modified_gmt":"2017-06-23T06:05:37","slug":"caso-ecoteva-dejan-al-voto-pedido-de-detencion-preventiva-contra-procesados","status":"publish","type":"post","link":"https:\/\/elinformanteperu.com\/index.php\/2017\/06\/23\/caso-ecoteva-dejan-al-voto-pedido-de-detencion-preventiva-contra-procesados\/","title":{"rendered":"Caso Ecoteva: dejan al voto pedido de detenci\u00f3n preventiva contra procesados"},"content":{"rendered":"<p><strong><span style=\"color: #000000;\">La Cuarta Sala Penal para Procesos con Reos Libres \u00a0dej\u00f3 al voto el pedido de las defensas de Alejandro Toledo, Eliane Karp, Josef Maiman y Avraham Dan On.<\/span><\/strong><\/p>\n<p><span style=\"color: #000000;\"><strong>Lima, 22 Junio 2017, (ANDINA).-<\/strong> La Cuarta Sala Penal para Procesos con Reos Libres de la Corte de Lima dej\u00f3 al voto el pedido de las defensas de Alejandro Toledo, Eliane Karp, Josef Maiman y Avraham Dan On para revocar la medida de prisi\u00f3n preventiva impuesta a sus defendidos por el caso Ecoteva.<\/span><\/p>\n<p><span style=\"color: #000000;\">En ese sentido, los abogados de Toledo y los dem\u00e1s encausados solicitaron que se les imponga la medida de \u201ccomparecencia con restricciones\u201d.<\/span><\/p>\n<p><span style=\"color: #000000;\">Adem\u00e1s, argumentaron que sus defendidos no incumplieron reglas de conducta alguna, ni existen nuevos elementos de prueba dentro de la investigaci\u00f3n.<\/span><\/p>\n<p><span style=\"color: #000000;\">Asimismo, que la norma no permite el traslado de hechos de un expediente a otro, ya que las investigaciones son independientes una de otra, por lo cual solicitaron amparar su pedido.<\/span><\/p>\n<p><strong><span style=\"color: #000000;\">Ministerio P\u00fablico<\/span><\/strong><\/p>\n<p><span style=\"color: #000000;\">Por su parte, el Ministerio P\u00fablico explic\u00f3 que la resoluci\u00f3n del juez est\u00e1 debidamente motivada, toda vez que ninguno de los procesados est\u00e1 actualmente en el pa\u00eds y no poseen arraigo alguno que asegure su regreso y permanencia.<\/span><\/p>\n<p><span style=\"color: #000000;\">De igual modo, subray\u00f3 que la norma incluye la vinculaci\u00f3n de actividades criminales previas en el delito de lavado de activos siempre y cuando estas tengan conexidad, figura que se cumple en este caso, por lo cual pidi\u00f3 confirmar la medida impuesta en primera instancia.<\/span><\/p>\n<p><span style=\"color: #000000;\">El tribunal presidido por Araceli Denyse Baca Cabrera e integrado por Hilda Cecilia Piedra Rojas y Ra\u00fal Emilio Quezada Mu\u00f1ante resolver\u00e1n la apelaci\u00f3n a la prisi\u00f3n preventiva en el plazo que determina la ley.<\/span><\/p>\n","protected":false},"excerpt":{"rendered":"<p>La Cuarta Sala Penal para Procesos con Reos Libres \u00a0dej\u00f3 al voto el pedido de las defensas de Alejandro Toledo, Eliane Karp, Josef Maiman y Avraham Dan On. Lima, 22 Junio 2017, (ANDINA).- La Cuarta Sala Penal para Procesos con Reos Libres de la Corte de Lima dej\u00f3 al voto el pedido de las defensas [&hellip;]<\/p>\n","protected":false},"author":1,"featured_media":11990,"comment_status":"open","ping_status":"open","sticky":false,"template":"","format":"standard","meta":{"rop_custom_images_group":[],"rop_custom_messages_group":[],"rop_publish_now":"initial","rop_publish_now_accounts":[],"rop_publish_now_history":[],"rop_publish_now_status":"pending","footnotes":""},"categories":[5],"tags":[208,1066],"class_list":["post-11989","post","type-post","status-publish","format-standard","has-post-thumbnail","hentry","category-actualidad-informativa","tag-alejandro-toledo","tag-ecoteva"],"_links":{"self":[{"href":"https:\/\/elinformanteperu.com\/index.php\/wp-json\/wp\/v2\/posts\/11989","targetHints":{"allow":["GET"]}}],"collection":[{"href":"https:\/\/elinformanteperu.com\/index.php\/wp-json\/wp\/v2\/posts"}],"about":[{"href":"https:\/\/elinformanteperu.com\/index.php\/wp-json\/wp\/v2\/types\/post"}],"author":[{"embeddable":true,"href":"https:\/\/elinformanteperu.com\/index.php\/wp-json\/wp\/v2\/users\/1"}],"replies":[{"embeddable":true,"href":"https:\/\/elinformanteperu.com\/index.php\/wp-json\/wp\/v2\/comments?post=11989"}],"version-history":[{"count":1,"href":"https:\/\/elinformanteperu.com\/index.php\/wp-json\/wp\/v2\/posts\/11989\/revisions"}],"predecessor-version":[{"id":11991,"href":"https:\/\/elinformanteperu.com\/index.php\/wp-json\/wp\/v2\/posts\/11989\/revisions\/11991"}],"wp:featuredmedia":[{"embeddable":true,"href":"https:\/\/elinformanteperu.com\/index.php\/wp-json\/wp\/v2\/media\/11990"}],"wp:attachment":[{"href":"https:\/\/elinformanteperu.com\/index.php\/wp-json\/wp\/v2\/media?parent=11989"}],"wp:term":[{"taxonomy":"category","embeddable":true,"href":"https:\/\/elinformanteperu.com\/index.php\/wp-json\/wp\/v2\/categories?post=11989"},{"taxonomy":"post_tag","embeddable":true,"href":"https:\/\/elinformanteperu.com\/index.php\/wp-json\/wp\/v2\/tags?post=11989"}],"curies":[{"name":"wp","href":"https:\/\/api.w.org\/{rel}","templated":true}]}}