{"id":119733,"date":"2024-03-28T20:38:11","date_gmt":"2024-03-29T01:38:11","guid":{"rendered":"https:\/\/elinformanteperu.com\/?p=119733"},"modified":"2024-03-28T20:38:11","modified_gmt":"2024-03-29T01:38:11","slug":"semana-santa-en-arequipa-el-valle-del-colca-espera-recibir-mas-de-6000-visitantes","status":"publish","type":"post","link":"https:\/\/elinformanteperu.com\/index.php\/2024\/03\/28\/semana-santa-en-arequipa-el-valle-del-colca-espera-recibir-mas-de-6000-visitantes\/","title":{"rendered":"Semana Santa en Arequipa: el Valle del Colca espera recibir m\u00e1s de 6,000 visitantes"},"content":{"rendered":"<p><strong><span style=\"color: #000000;\">Elabor\u00f3 amplio programa de actividades durante el feriado largo<\/span><\/strong><\/p>\n<p><span style=\"color: #000000;\"><strong>Arequipa, 28 de Marzo 2024, (ANDINA).-<\/strong> El valle del Colca, ubicado en la provincia de Caylloma, en Arequipa es el destino tur\u00edstico preferido por los turistas nacionales y extranjeros, y en este feriado largo por Semana Santa se preparan para recibir m\u00e1s de 6,000 visitantes.<\/span><\/p>\n<p><span style=\"color: #000000;\">Las autoridades y gremios tur\u00edsticos han elaborado un amplio programa de actividades que involucran a 17 distritos de la provincia de Caylloma.<\/span><\/p>\n<p><span style=\"color: #000000;\">Los turistas participar\u00e1n de costumbres religiosas como procesiones, misa en quechua, festividades por el Domingo de Resurrecci\u00f3n, actividades que se realizar\u00e1n estos d\u00edas en cada uno de los distritos de la provincia.<\/span><\/p>\n<p><span style=\"color: #000000;\">Las andas que trasladan las diversas im\u00e1genes son muy vistosas, porque tienen un armaz\u00f3n fabricado de maguey seco, donde se colocan flores, frutas, mazorcas, albahacas del valle, entre otros.<\/span><\/p>\n<p><span style=\"color: #000000;\">Durante su estad\u00eda los visitantes podr\u00e1n disfrutar tambi\u00e9n de la gastronom\u00eda propia de la zona que se consume en estos d\u00edas de Semana Santa, las ferias artesanales es otro atractivo que capta el inter\u00e9s de los turistas.<\/span><\/p>\n<p><span style=\"color: #000000;\">El convido general, es otra costumbre en el Colca donde los asistentes degustan ricos potajes consistentes en sopa de entrada, picantes de trigo y lacayote, acompa\u00f1ados de la chicha de wi\u00f1apo, el extracto de hierbas de la monta\u00f1a, conocido como \u00abla hiel de cristo\u00bb, el cachicanca a base de sal y ca\u00f1azo.<\/span><\/p>\n<p><span style=\"color: #000000;\">Las visitas guiadas a los diversos destinos tur\u00edsticos que ofrece el valle del Colca, son otro atractivo para los turistas que visitan el Mirador de la Cruz del C\u00f3ndor, los ba\u00f1os de la Calera, los ba\u00f1os de Chacapi, entre otros.<\/span><\/p>\n<p><strong><span style=\"color: #000000;\">Semana Santa en Huambo<\/span><\/strong><\/p>\n<p><span style=\"color: #000000;\">La gerenta de Autocolca, Solange M\u00e1laga C\u00e1ceres, se\u00f1al\u00f3 que es un orgullo para la provincia de Caylloma contar con una de las diez semanas santas declaradas Patrimonio Cultural de la Naci\u00f3n, como es la que se desarrolla en el distrito de Huambo.<\/span><\/p>\n<p><span style=\"color: #000000;\">La Semana Santa en el distrito de Huambo, fue declarada Patrimonio Cultural de la Naci\u00f3n en el 2012, gracias a su extraordinaria muestra de catolicismo andino y sus complejas y ricas costumbres.<\/span><\/p>\n<p><span style=\"color: #000000;\">La festividad se inicia el Viernes de Dolores, d\u00eda que la Virgen Dolorosa sale en procesi\u00f3n junto al Santo Sepulcro y el Domingo de Resurrecci\u00f3n, este d\u00eda la algarab\u00eda de la gente es contagiosa por ver a Jes\u00fas resucitado.<\/span><\/p>\n<p><span style=\"color: #000000;\">Por este y otros atractivos tur\u00edsticos materiales e inmateriales el valle del Colca es un rico destino tur\u00edstico de Arequipa que vale la pena visitar.<\/span><\/p>\n<p><a href=\"https:\/\/elinformanteperu.com\/wp-content\/uploads\/2024\/03\/arequipa-cuy-chactado.jpg\"><img fetchpriority=\"high\" decoding=\"async\" class=\"size-full wp-image-119735 aligncenter\" src=\"https:\/\/elinformanteperu.com\/wp-content\/uploads\/2024\/03\/arequipa-cuy-chactado.jpg\" alt=\"\" width=\"500\" height=\"333\" srcset=\"https:\/\/elinformanteperu.com\/wp-content\/uploads\/2024\/03\/arequipa-cuy-chactado.jpg 500w, https:\/\/elinformanteperu.com\/wp-content\/uploads\/2024\/03\/arequipa-cuy-chactado-300x200.jpg 300w\" sizes=\"(max-width: 500px) 100vw, 500px\" \/><\/a><\/p>\n","protected":false},"excerpt":{"rendered":"<p>Elabor\u00f3 amplio programa de actividades durante el feriado largo Arequipa, 28 de Marzo 2024, (ANDINA).- El valle del Colca, ubicado en la provincia de Caylloma, en Arequipa es el destino tur\u00edstico preferido por los turistas nacionales y extranjeros, y en este feriado largo por Semana Santa se preparan para recibir m\u00e1s de 6,000 visitantes. Las [&hellip;]<\/p>\n","protected":false},"author":1,"featured_media":119734,"comment_status":"closed","ping_status":"closed","sticky":false,"template":"","format":"standard","meta":{"rop_custom_images_group":[],"rop_custom_messages_group":[],"rop_publish_now":"initial","rop_publish_now_accounts":[],"rop_publish_now_history":[],"rop_publish_now_status":"pending","footnotes":""},"categories":[10],"tags":[769,1331,5840],"class_list":["post-119733","post","type-post","status-publish","format-standard","has-post-thumbnail","hentry","category-actualidad-municipal","tag-arequipa","tag-semana-santa","tag-valle-del-colca"],"_links":{"self":[{"href":"https:\/\/elinformanteperu.com\/index.php\/wp-json\/wp\/v2\/posts\/119733","targetHints":{"allow":["GET"]}}],"collection":[{"href":"https:\/\/elinformanteperu.com\/index.php\/wp-json\/wp\/v2\/posts"}],"about":[{"href":"https:\/\/elinformanteperu.com\/index.php\/wp-json\/wp\/v2\/types\/post"}],"author":[{"embeddable":true,"href":"https:\/\/elinformanteperu.com\/index.php\/wp-json\/wp\/v2\/users\/1"}],"replies":[{"embeddable":true,"href":"https:\/\/elinformanteperu.com\/index.php\/wp-json\/wp\/v2\/comments?post=119733"}],"version-history":[{"count":1,"href":"https:\/\/elinformanteperu.com\/index.php\/wp-json\/wp\/v2\/posts\/119733\/revisions"}],"predecessor-version":[{"id":119736,"href":"https:\/\/elinformanteperu.com\/index.php\/wp-json\/wp\/v2\/posts\/119733\/revisions\/119736"}],"wp:featuredmedia":[{"embeddable":true,"href":"https:\/\/elinformanteperu.com\/index.php\/wp-json\/wp\/v2\/media\/119734"}],"wp:attachment":[{"href":"https:\/\/elinformanteperu.com\/index.php\/wp-json\/wp\/v2\/media?parent=119733"}],"wp:term":[{"taxonomy":"category","embeddable":true,"href":"https:\/\/elinformanteperu.com\/index.php\/wp-json\/wp\/v2\/categories?post=119733"},{"taxonomy":"post_tag","embeddable":true,"href":"https:\/\/elinformanteperu.com\/index.php\/wp-json\/wp\/v2\/tags?post=119733"}],"curies":[{"name":"wp","href":"https:\/\/api.w.org\/{rel}","templated":true}]}}