{"id":119534,"date":"2024-03-26T00:56:50","date_gmt":"2024-03-26T05:56:50","guid":{"rendered":"https:\/\/elinformanteperu.com\/?p=119534"},"modified":"2024-03-26T00:56:50","modified_gmt":"2024-03-26T05:56:50","slug":"apec-peru-2024-conoce-las-proximas-actividades-que-se-realizaran-en-el-pais","status":"publish","type":"post","link":"https:\/\/elinformanteperu.com\/index.php\/2024\/03\/26\/apec-peru-2024-conoce-las-proximas-actividades-que-se-realizaran-en-el-pais\/","title":{"rendered":"APEC Per\u00fa 2024: conoce las pr\u00f3ximas actividades que se realizar\u00e1n en el pa\u00eds"},"content":{"rendered":"<p><span style=\"color: #000000;\"><strong>Lima, 25 de Marzo 2024, (ANDINA).-<\/strong> Este a\u00f1o se desarrollar\u00e1 en nuestro pa\u00eds la cumbre de l\u00edderes del Foro de Cooperaci\u00f3n Econ\u00f3mica Asia-Pac\u00edfico (APEC), cuya presidencia pro tempore la ejerce Per\u00fa, as\u00ed como una serie de eventos relacionados. Conoce cu\u00e1les son las pr\u00f3ximas actividades que se realizar\u00e1n, de acuerdo con el calendario establecido.<\/span><\/p>\n<p><span style=\"color: #000000;\">Como se recuerda, la presidenta de la rep\u00fablica, Dina Boluarte, anunci\u00f3 que las ciudades de Trujillo, Arequipa, Cusco, Pucallpa y Lima ser\u00e1n sedes de APEC 2024, a fin de llevar la agenda del foro multilateral a las diferentes regiones.<\/span><\/p>\n<p><span style=\"color: #000000;\">El cronograma oficial inici\u00f3 en febrero, con la Reuni\u00f3n de Viceministros de Finanzas y Bancos Centrales (FCBDM por sus siglas en ingl\u00e9s), que se realiz\u00f3 del 21 al 24 de ese mes en Arequipa.<\/span><\/p>\n<p><span style=\"color: #000000;\">En tanto, del 24 de febrero al 8 de marzo, Lima fue el punto de encuentro de la Primera Reuni\u00f3n de Altos Funcionarios (SOM1) APEC y eventos conexos.<\/span><\/p>\n<p><strong><span style=\"color: #000000;\">Mayo<\/span><\/strong><br \/>\n<span style=\"color: #000000;\">Para ese mes est\u00e1 programada la Segunda Reuni\u00f3n de Altos Funcionarios (SOM2) APEC y eventos conexos, a efectuarse del 4 al 16 de mayo, nuevamente en Arequipa.<\/span><\/p>\n<p><span style=\"color: #000000;\">All\u00ed tambi\u00e9n tendr\u00e1 lugar, el 16 de ese mes, el evento denominado Di\u00e1logo Pol\u00edtico de Alto Nivel sobre las Mujeres y la Econom\u00eda (HLPDWE).<\/span><\/p>\n<p><span style=\"color: #000000;\">Al d\u00eda siguiente, 17 de mayo, se celebrar\u00e1 en la ciudad blanca la Reuni\u00f3n Conjunta de Ministros Responsables de Comercio y de la Mujer.<\/span><\/p>\n<p><span style=\"color: #000000;\">La agenda en Arequipa concluir\u00e1 con la Reuni\u00f3n de Ministros Responsables de Comercio (MRT), del 16 al 17 del mismo mes.<\/span><\/p>\n<p><span style=\"color: #000000;\">Por \u00faltimo, en Urubamba (Cusco) se realizar\u00e1 del 27 al 30 de mayo la Reuni\u00f3n de Altos Funcionarios de Finanzas (SFOM), as\u00ed como eventos conexos.<\/span><\/p>\n<p><strong><span style=\"color: #000000;\">Junio y agosto<\/span><\/strong><br \/>\n<span style=\"color: #000000;\">Las actividades en la ciudad cusque\u00f1a continuar\u00e1n del 5 al 9 de junio, con la Reuni\u00f3n Ministerial de Turismo (TMM) y eventos conexos.<\/span><\/p>\n<p><span style=\"color: #000000;\">En tanto, del 24 al 25 de ese mes se llevar\u00e1 a cabo, esta vez en Lima, la primera visita de preavanzada para la Semana de L\u00edderes Econ\u00f3micos de APEC (AELW).<\/span><\/p>\n<p><span style=\"color: #000000;\">Ya en agosto, del 12 al 18, tendr\u00e1 lugar la Reuni\u00f3n Ministerial de Seguridad Alimentaria (FSMM) y eventos conexos en Trujillo (La Libertad).<\/span><\/p>\n<p><span style=\"color: #000000;\">Mientras que en la ciudad capital se celebrar\u00e1n la Reuni\u00f3n Ministerial de Energ\u00eda (EMM), el d\u00eda 16; y la Reuni\u00f3n de Alto Nivel sobre Salud y Econom\u00eda, el 18 de agosto.<\/span><\/p>\n<p><span style=\"color: #000000;\">Los eventos del mes concluyen con la Tercera Reuni\u00f3n de Altos Funcionarios (SOM3) APEC y eventos conexos, que se celebrar\u00e1n del 12 al 25 de agosto, tambi\u00e9n en Lima.<\/span><\/p>\n<p><strong><span style=\"color: #000000;\">Setiembre a noviembre<\/span><\/strong><br \/>\n<span style=\"color: #000000;\">La siguiente actividad ser\u00e1 la Reuni\u00f3n Ministerial de Peque\u00f1a y Mediana Empresa (SMEMM), del 9 al 13 de setiembre en Pucallpa (Ucayali).<\/span><\/p>\n<p><span style=\"color: #000000;\">La programaci\u00f3n contin\u00faa el 1 y 2 de octubre con la segunda visita de preavanzada para la Semana de L\u00edderes Econ\u00f3micos de APEC, en Lima.<\/span><\/p>\n<p><span style=\"color: #000000;\">Asimismo, del 1 al 4 de ese mes tendr\u00e1 lugar, tambi\u00e9n en la ciudad capital, la Reuni\u00f3n Ministerial de Finanzas (FMM).<\/span><\/p>\n<p><span style=\"color: #000000;\">La agenda de APEC en Per\u00fa concluye con la Semana de L\u00edderes Econ\u00f3micos de APEC, que se llevar\u00e1 a cabo del 10 al 16 de noviembre en Lima, con la presencia de los m\u00e1ximos representantes de las econom\u00edas que integran el foro de cooperaci\u00f3n econ\u00f3mica.<\/span><\/p>\n","protected":false},"excerpt":{"rendered":"<p>Lima, 25 de Marzo 2024, (ANDINA).- Este a\u00f1o se desarrollar\u00e1 en nuestro pa\u00eds la cumbre de l\u00edderes del Foro de Cooperaci\u00f3n Econ\u00f3mica Asia-Pac\u00edfico (APEC), cuya presidencia pro tempore la ejerce Per\u00fa, as\u00ed como una serie de eventos relacionados. Conoce cu\u00e1les son las pr\u00f3ximas actividades que se realizar\u00e1n, de acuerdo con el calendario establecido. Como se [&hellip;]<\/p>\n","protected":false},"author":1,"featured_media":119535,"comment_status":"closed","ping_status":"closed","sticky":false,"template":"","format":"standard","meta":{"rop_custom_images_group":[],"rop_custom_messages_group":[],"rop_publish_now":"initial","rop_publish_now_accounts":[],"rop_publish_now_history":[],"rop_publish_now_status":"pending","footnotes":""},"categories":[5],"tags":[80,7285],"class_list":["post-119534","post","type-post","status-publish","format-standard","has-post-thumbnail","hentry","category-actualidad-informativa","tag-apec","tag-apec-2024"],"_links":{"self":[{"href":"https:\/\/elinformanteperu.com\/index.php\/wp-json\/wp\/v2\/posts\/119534","targetHints":{"allow":["GET"]}}],"collection":[{"href":"https:\/\/elinformanteperu.com\/index.php\/wp-json\/wp\/v2\/posts"}],"about":[{"href":"https:\/\/elinformanteperu.com\/index.php\/wp-json\/wp\/v2\/types\/post"}],"author":[{"embeddable":true,"href":"https:\/\/elinformanteperu.com\/index.php\/wp-json\/wp\/v2\/users\/1"}],"replies":[{"embeddable":true,"href":"https:\/\/elinformanteperu.com\/index.php\/wp-json\/wp\/v2\/comments?post=119534"}],"version-history":[{"count":1,"href":"https:\/\/elinformanteperu.com\/index.php\/wp-json\/wp\/v2\/posts\/119534\/revisions"}],"predecessor-version":[{"id":119536,"href":"https:\/\/elinformanteperu.com\/index.php\/wp-json\/wp\/v2\/posts\/119534\/revisions\/119536"}],"wp:featuredmedia":[{"embeddable":true,"href":"https:\/\/elinformanteperu.com\/index.php\/wp-json\/wp\/v2\/media\/119535"}],"wp:attachment":[{"href":"https:\/\/elinformanteperu.com\/index.php\/wp-json\/wp\/v2\/media?parent=119534"}],"wp:term":[{"taxonomy":"category","embeddable":true,"href":"https:\/\/elinformanteperu.com\/index.php\/wp-json\/wp\/v2\/categories?post=119534"},{"taxonomy":"post_tag","embeddable":true,"href":"https:\/\/elinformanteperu.com\/index.php\/wp-json\/wp\/v2\/tags?post=119534"}],"curies":[{"name":"wp","href":"https:\/\/api.w.org\/{rel}","templated":true}]}}