{"id":119531,"date":"2024-03-26T00:55:08","date_gmt":"2024-03-26T05:55:08","guid":{"rendered":"https:\/\/elinformanteperu.com\/?p=119531"},"modified":"2024-03-26T00:55:08","modified_gmt":"2024-03-26T05:55:08","slug":"ministro-de-energia-y-minas-respondio-pliego-interpelatorio-ante-el-congreso","status":"publish","type":"post","link":"https:\/\/elinformanteperu.com\/index.php\/2024\/03\/26\/ministro-de-energia-y-minas-respondio-pliego-interpelatorio-ante-el-congreso\/","title":{"rendered":"Ministro de Energ\u00eda y Minas respondi\u00f3 pliego interpelatorio ante el Congreso"},"content":{"rendered":"<p><span style=\"color: #000000;\"><strong>Lima, 25 de Marzo 2024, (ANDINA).-<\/strong> El ministro de Energ\u00eda y Minas, R\u00f3mulo Mucho Mamani, acudi\u00f3 al pleno del Congreso para responder un pliego interpelatorio compuesto por 17 preguntas sobre un presunto conflicto de inter\u00e9s al haber mantenido relaci\u00f3n con una empresa que brinda servicios a Southern Per\u00fa, encargada de ejecutar cabo el proyecto T\u00eda Mar\u00eda (Arequipa).<\/span><\/p>\n<p><span style=\"color: #000000;\">As\u00ed, durante la sesi\u00f3n plenaria, el titular del Minem precis\u00f3 que, si bien fue gerente general de la empresa PEVOEX Contratistas S.A.C desde su fundaci\u00f3n en octubre de 2001, renunci\u00f3 a dicho cargo al haber sido convocado para ejercer como ministro.<\/span><\/p>\n<p><span style=\"color: #000000;\">\u00abPresent\u00e9 mi carta de renuncia a la empresa PEVOEX Contratistas S.A.C el 13 de febrero del 2024, fecha en que fui convocado para ejercer el cargo de ministro de Energ\u00eda y Minas, conforme a la normativa que regula las contrataciones laborales del sector privado. Asimismo, sin perjuicio de ello, env\u00ede una carta de renuncia por conducto notarial el mismo 13 de febrero del 2024 para que llegara a las oficinas de la empresa de manera adicional\u00bb, manifest\u00f3 el ministro.<\/span><\/p>\n<p><span style=\"color: #000000;\">\u201cPuedo acreditar mi t\u00e9rmino del v\u00ednculo contractual, cese de actividades y relaci\u00f3n con la empresa en menci\u00f3n por medio de la citada carta de renuncia y carta enviada por conducto notarial (&#8230;). Mi \u00fanica vinculaci\u00f3n con la empresa es sobre derecho de propiedad de las acciones del 63%. Ninguna ley me proh\u00edbe tener propiedad, si pretendieran que lo haga ser\u00eda confiscatoria e ir\u00eda contra el art\u00edculo 70 de la Constituci\u00f3n\u201d, agreg\u00f3.<\/span><\/p>\n<p><span style=\"color: #000000;\">Respecto a casos penales donde se vinculaba al ministro Mucho Mamani, aclar\u00f3 que estos \u00abno tienen ninguna relaci\u00f3n con la empresa PEVOEX Contratistas S.A.C.\u00bb y que el Ministerio P\u00fablico decidi\u00f3 no formalizar una investigaci\u00f3n en su contra ni contra los asociados de la Universidad Privada de Trujillo, entidad de la cual form\u00f3 parte del Consejo Directivo y a la cual renunci\u00f3 el 12 de febrero de 2024.<\/span><\/p>\n<p><span style=\"color: #000000;\">\u201cLa Tercera Fiscal\u00eda Provincial Penal Corporativa de Trujillo ha dispuesto no formalizar investigaci\u00f3n preparatoria contra los asociados de la Universidad Privada de Trujillo, incluyendo a mi persona, en la modalidad de omisi\u00f3n del delito contra la administraci\u00f3n p\u00fablica en forma de omisi\u00f3n, rehusamiento o demora de actos funcionales en agravio de la Superintendencia Nacional de Educaci\u00f3n Universitaria (SUNEDU), as\u00ed como por la presunta comisi\u00f3n del delito contra la administraci\u00f3n p\u00fablica en la modalidad de resistencia o desobediencia a la autoridad en agravio de la SUNEDU\u201d, puntualiz\u00f3.<\/span><\/p>\n","protected":false},"excerpt":{"rendered":"<p>Lima, 25 de Marzo 2024, (ANDINA).- El ministro de Energ\u00eda y Minas, R\u00f3mulo Mucho Mamani, acudi\u00f3 al pleno del Congreso para responder un pliego interpelatorio compuesto por 17 preguntas sobre un presunto conflicto de inter\u00e9s al haber mantenido relaci\u00f3n con una empresa que brinda servicios a Southern Per\u00fa, encargada de ejecutar cabo el proyecto T\u00eda [&hellip;]<\/p>\n","protected":false},"author":1,"featured_media":119532,"comment_status":"closed","ping_status":"closed","sticky":false,"template":"","format":"standard","meta":{"rop_custom_images_group":[],"rop_custom_messages_group":[],"rop_publish_now":"initial","rop_publish_now_accounts":[],"rop_publish_now_history":[],"rop_publish_now_status":"pending","footnotes":""},"categories":[5],"tags":[5202,322,7386],"class_list":["post-119531","post","type-post","status-publish","format-standard","has-post-thumbnail","hentry","category-actualidad-informativa","tag-minem","tag-ministerio-de-energia-y-minas","tag-romulo-mucho"],"_links":{"self":[{"href":"https:\/\/elinformanteperu.com\/index.php\/wp-json\/wp\/v2\/posts\/119531","targetHints":{"allow":["GET"]}}],"collection":[{"href":"https:\/\/elinformanteperu.com\/index.php\/wp-json\/wp\/v2\/posts"}],"about":[{"href":"https:\/\/elinformanteperu.com\/index.php\/wp-json\/wp\/v2\/types\/post"}],"author":[{"embeddable":true,"href":"https:\/\/elinformanteperu.com\/index.php\/wp-json\/wp\/v2\/users\/1"}],"replies":[{"embeddable":true,"href":"https:\/\/elinformanteperu.com\/index.php\/wp-json\/wp\/v2\/comments?post=119531"}],"version-history":[{"count":1,"href":"https:\/\/elinformanteperu.com\/index.php\/wp-json\/wp\/v2\/posts\/119531\/revisions"}],"predecessor-version":[{"id":119533,"href":"https:\/\/elinformanteperu.com\/index.php\/wp-json\/wp\/v2\/posts\/119531\/revisions\/119533"}],"wp:featuredmedia":[{"embeddable":true,"href":"https:\/\/elinformanteperu.com\/index.php\/wp-json\/wp\/v2\/media\/119532"}],"wp:attachment":[{"href":"https:\/\/elinformanteperu.com\/index.php\/wp-json\/wp\/v2\/media?parent=119531"}],"wp:term":[{"taxonomy":"category","embeddable":true,"href":"https:\/\/elinformanteperu.com\/index.php\/wp-json\/wp\/v2\/categories?post=119531"},{"taxonomy":"post_tag","embeddable":true,"href":"https:\/\/elinformanteperu.com\/index.php\/wp-json\/wp\/v2\/tags?post=119531"}],"curies":[{"name":"wp","href":"https:\/\/api.w.org\/{rel}","templated":true}]}}