{"id":119331,"date":"2024-03-22T01:12:01","date_gmt":"2024-03-22T06:12:01","guid":{"rendered":"https:\/\/elinformanteperu.com\/?p=119331"},"modified":"2024-03-22T01:12:01","modified_gmt":"2024-03-22T06:12:01","slug":"operacion-maestra-cinta-sobre-operacion-chavin-de-huantar-iniciara-rodaje","status":"publish","type":"post","link":"https:\/\/elinformanteperu.com\/index.php\/2024\/03\/22\/operacion-maestra-cinta-sobre-operacion-chavin-de-huantar-iniciara-rodaje\/","title":{"rendered":"Operaci\u00f3n Maestra: Cinta sobre operaci\u00f3n Chav\u00edn de Hu\u00e1ntar iniciar\u00e1 rodaje"},"content":{"rendered":"<p><strong><span style=\"color: #000000;\">Tendr\u00eda a Christian Meier y Kate del Castillo como protagonistas<\/span><\/strong><\/p>\n<p><span style=\"color: #000000;\"><strong>Lima, 21 de Marzo 2024, (ANDINA).-<\/strong> El cine nacional nuevamente se pone ante los ojos del mundo con \u00abOperaci\u00f3n Maestra\u00bb, un largometraje que se filmar\u00e1 en nuestro pa\u00eds muy pronto y que, seg\u00fan trascendi\u00f3, contar\u00eda entre sus protagonistas a figuras como Christian Meier y Kate del Castillo.<\/span><\/p>\n<p><span style=\"color: #000000;\">El filme contar\u00e1 el antes, durante y despu\u00e9s del rescate de los rehenes de la residencia de la embajada de Jap\u00f3n el a\u00f1o 1997 que fue tomada por terroristas del MRTA.<\/span><\/p>\n<p><span style=\"color: #000000;\">La historia de lucha, sacrificio de los comandos y las vivencias de los rehenes, as\u00ed como detalles nunca antes conocidos ser\u00e1n parte de esta producci\u00f3n que ya cuenta con la distribuci\u00f3n en todos los cines a nivel nacional como internacional.<\/span><\/p>\n<p><span style=\"color: #000000;\">As\u00ed tambi\u00e9n una importante plataforma digital ser\u00e1 la encargada de colocarla a vista de todo los espectadores alrededor del planeta.<\/span><\/p>\n<p><span style=\"color: #000000;\">\u00abColibr\u00ed Producciones\u00bb es la productora encargada de realizar esta nueva propuesta para el cine peruano. La direcci\u00f3n y gui\u00f3n de esta historia estar\u00e1 a cargo de Diego Le\u00f3n, reconocido en este tipo de producciones.<\/span><\/p>\n<p><span style=\"color: #000000;\">El desarrollo narrativo y como productor asociado con su productora \u00abNing\u00fan Creativo\u00bb, recae en manos de Luis Guillermo Camacho, ampliamente reconocido a nivel nacional e internacional en el mundo de las telecomunicaciones. Roxana Rivera, tendr\u00e1 la misi\u00f3n de la producci\u00f3n general.<\/span><\/p>\n<p><span style=\"color: #000000;\">Cabe se\u00f1alar que el elenco contar\u00e1 con la participaci\u00f3n de un 98 por ciento de reconocidos actores nacionales y tendr\u00e1 a una estrella del entretenimiento internacional que tendr\u00e1 la labor de contar desde la visi\u00f3n de una periodista los pormenores de lo que vivieron los rehenes y comandos.<\/span><\/p>\n<p><a href=\"https:\/\/elinformanteperu.com\/wp-content\/uploads\/2019\/05\/cine6.jpg\"><img fetchpriority=\"high\" decoding=\"async\" class=\"size-large wp-image-48572 aligncenter\" src=\"https:\/\/elinformanteperu.com\/wp-content\/uploads\/2019\/05\/cine6-1024x683.jpg\" alt=\"\" width=\"615\" height=\"410\" srcset=\"https:\/\/elinformanteperu.com\/wp-content\/uploads\/2019\/05\/cine6-1024x683.jpg 1024w, https:\/\/elinformanteperu.com\/wp-content\/uploads\/2019\/05\/cine6-300x200.jpg 300w, https:\/\/elinformanteperu.com\/wp-content\/uploads\/2019\/05\/cine6-768x512.jpg 768w, https:\/\/elinformanteperu.com\/wp-content\/uploads\/2019\/05\/cine6-128x85.jpg 128w, https:\/\/elinformanteperu.com\/wp-content\/uploads\/2019\/05\/cine6-32x21.jpg 32w, https:\/\/elinformanteperu.com\/wp-content\/uploads\/2019\/05\/cine6.jpg 1800w\" sizes=\"(max-width: 615px) 100vw, 615px\" \/><\/a><\/p>\n","protected":false},"excerpt":{"rendered":"<p>Tendr\u00eda a Christian Meier y Kate del Castillo como protagonistas Lima, 21 de Marzo 2024, (ANDINA).- El cine nacional nuevamente se pone ante los ojos del mundo con \u00abOperaci\u00f3n Maestra\u00bb, un largometraje que se filmar\u00e1 en nuestro pa\u00eds muy pronto y que, seg\u00fan trascendi\u00f3, contar\u00eda entre sus protagonistas a figuras como Christian Meier y Kate [&hellip;]<\/p>\n","protected":false},"author":1,"featured_media":119332,"comment_status":"closed","ping_status":"closed","sticky":false,"template":"","format":"standard","meta":{"rop_custom_images_group":[],"rop_custom_messages_group":[],"rop_publish_now":"initial","rop_publish_now_accounts":[],"rop_publish_now_history":[],"rop_publish_now_status":"pending","footnotes":""},"categories":[7],"tags":[1626],"class_list":["post-119331","post","type-post","status-publish","format-standard","has-post-thumbnail","hentry","category-butaca","tag-cine-peruano"],"_links":{"self":[{"href":"https:\/\/elinformanteperu.com\/index.php\/wp-json\/wp\/v2\/posts\/119331","targetHints":{"allow":["GET"]}}],"collection":[{"href":"https:\/\/elinformanteperu.com\/index.php\/wp-json\/wp\/v2\/posts"}],"about":[{"href":"https:\/\/elinformanteperu.com\/index.php\/wp-json\/wp\/v2\/types\/post"}],"author":[{"embeddable":true,"href":"https:\/\/elinformanteperu.com\/index.php\/wp-json\/wp\/v2\/users\/1"}],"replies":[{"embeddable":true,"href":"https:\/\/elinformanteperu.com\/index.php\/wp-json\/wp\/v2\/comments?post=119331"}],"version-history":[{"count":1,"href":"https:\/\/elinformanteperu.com\/index.php\/wp-json\/wp\/v2\/posts\/119331\/revisions"}],"predecessor-version":[{"id":119333,"href":"https:\/\/elinformanteperu.com\/index.php\/wp-json\/wp\/v2\/posts\/119331\/revisions\/119333"}],"wp:featuredmedia":[{"embeddable":true,"href":"https:\/\/elinformanteperu.com\/index.php\/wp-json\/wp\/v2\/media\/119332"}],"wp:attachment":[{"href":"https:\/\/elinformanteperu.com\/index.php\/wp-json\/wp\/v2\/media?parent=119331"}],"wp:term":[{"taxonomy":"category","embeddable":true,"href":"https:\/\/elinformanteperu.com\/index.php\/wp-json\/wp\/v2\/categories?post=119331"},{"taxonomy":"post_tag","embeddable":true,"href":"https:\/\/elinformanteperu.com\/index.php\/wp-json\/wp\/v2\/tags?post=119331"}],"curies":[{"name":"wp","href":"https:\/\/api.w.org\/{rel}","templated":true}]}}