{"id":119328,"date":"2024-03-22T01:06:39","date_gmt":"2024-03-22T06:06:39","guid":{"rendered":"https:\/\/elinformanteperu.com\/?p=119328"},"modified":"2024-03-22T01:06:39","modified_gmt":"2024-03-22T06:06:39","slug":"un-canto-a-la-vida-susana-baca-se-recupera-y-sale-de-cuidados-intensivos","status":"publish","type":"post","link":"https:\/\/elinformanteperu.com\/index.php\/2024\/03\/22\/un-canto-a-la-vida-susana-baca-se-recupera-y-sale-de-cuidados-intensivos\/","title":{"rendered":"Un canto a la vida: Susana Baca se recupera y sale de cuidados intensivos"},"content":{"rendered":"<p><span style=\"color: #000000;\"><strong>Lima, 21 de Marzo 2024, (ANDINA).-<\/strong> La cantante peruana Susana Baca sali\u00f3 de la Unidad de Cuidados Intensivos (UCI) del hospital Edgardo Rebagliati al experimentar una mejor\u00eda en su estado de salud.<\/span><\/p>\n<p><span style=\"color: #000000;\">Su esposo, Ricardo Pereira confirm\u00f3 la buena noticia en sus redes sociales.<\/span><\/p>\n<p><span style=\"color: #000000;\">\u00abSusanita sali\u00f3 de UCI y est\u00e1 en Cuidados Intermedios. Venci\u00f3 la vida, venci\u00f3 la ciencia, venci\u00f3 la fortaleza, la oraci\u00f3n y la fe. Venci\u00f3 la humanidad, vencimos todos los que la queremos; ahora a remar r\u00edo arriba. Adelante Susanita, artesana del sol\u00bb, manifest\u00f3.<\/span><\/p>\n<p><span style=\"color: #000000;\">Tambi\u00e9n invit\u00f3 a los seguidores de la artista a enviar muestras de apoyo con un breve mensaje que diga: \u00abpaciencia, Susanita\u00bb.<\/span><\/p>\n<p><strong><span style=\"color: #000000;\">\u00abHag\u00e1mosle un video chiquito, simple, desde tu tel\u00e9fono&#8230; con un hola o lo que quieras decir, cortito\u2026 quiz\u00e1s solo un te quiero, pero s\u00ed un paciencia Susanita. Contamos con tu video en videosusanita@gmail.com, para que te escuche y te vea\u201d, dice la publicaci\u00f3n.<\/span><\/strong><\/p>\n<p><span style=\"color: #000000;\">Susana Baca ha ganado tres veces los Premios Grammy Latinos.<\/span><\/p>\n<p><span style=\"color: #000000;\">Adem\u00e1s de cantante y maestra, Susana Baca es compositora, investigadora y defensora de los derechos de la poblaci\u00f3n afroperuana. Asimismo, es reconocida como una \u2018figura clave\u2019 en el folclor latinoamericano. Tambi\u00e9n fue ministra de Cultura.<\/span><\/p>\n<p><a href=\"https:\/\/elinformanteperu.com\/wp-content\/uploads\/2020\/09\/susana-baca.jpg\"><img fetchpriority=\"high\" decoding=\"async\" class=\"size-large wp-image-83217 aligncenter\" src=\"https:\/\/elinformanteperu.com\/wp-content\/uploads\/2020\/09\/susana-baca-1024x683.jpg\" alt=\"\" width=\"615\" height=\"410\" srcset=\"https:\/\/elinformanteperu.com\/wp-content\/uploads\/2020\/09\/susana-baca-1024x683.jpg 1024w, https:\/\/elinformanteperu.com\/wp-content\/uploads\/2020\/09\/susana-baca-300x200.jpg 300w, https:\/\/elinformanteperu.com\/wp-content\/uploads\/2020\/09\/susana-baca-768x512.jpg 768w, https:\/\/elinformanteperu.com\/wp-content\/uploads\/2020\/09\/susana-baca-1536x1024.jpg 1536w, https:\/\/elinformanteperu.com\/wp-content\/uploads\/2020\/09\/susana-baca.jpg 1800w\" sizes=\"(max-width: 615px) 100vw, 615px\" \/><\/a><\/p>\n","protected":false},"excerpt":{"rendered":"<p>Lima, 21 de Marzo 2024, (ANDINA).- La cantante peruana Susana Baca sali\u00f3 de la Unidad de Cuidados Intensivos (UCI) del hospital Edgardo Rebagliati al experimentar una mejor\u00eda en su estado de salud. Su esposo, Ricardo Pereira confirm\u00f3 la buena noticia en sus redes sociales. \u00abSusanita sali\u00f3 de UCI y est\u00e1 en Cuidados Intermedios. Venci\u00f3 la [&hellip;]<\/p>\n","protected":false},"author":1,"featured_media":119329,"comment_status":"closed","ping_status":"closed","sticky":false,"template":"","format":"standard","meta":{"rop_custom_images_group":[],"rop_custom_messages_group":[],"rop_publish_now":"initial","rop_publish_now_accounts":[],"rop_publish_now_history":[],"rop_publish_now_status":"pending","footnotes":""},"categories":[70],"tags":[3432],"class_list":["post-119328","post","type-post","status-publish","format-standard","has-post-thumbnail","hentry","category-farandula","tag-susana-baca"],"_links":{"self":[{"href":"https:\/\/elinformanteperu.com\/index.php\/wp-json\/wp\/v2\/posts\/119328","targetHints":{"allow":["GET"]}}],"collection":[{"href":"https:\/\/elinformanteperu.com\/index.php\/wp-json\/wp\/v2\/posts"}],"about":[{"href":"https:\/\/elinformanteperu.com\/index.php\/wp-json\/wp\/v2\/types\/post"}],"author":[{"embeddable":true,"href":"https:\/\/elinformanteperu.com\/index.php\/wp-json\/wp\/v2\/users\/1"}],"replies":[{"embeddable":true,"href":"https:\/\/elinformanteperu.com\/index.php\/wp-json\/wp\/v2\/comments?post=119328"}],"version-history":[{"count":1,"href":"https:\/\/elinformanteperu.com\/index.php\/wp-json\/wp\/v2\/posts\/119328\/revisions"}],"predecessor-version":[{"id":119330,"href":"https:\/\/elinformanteperu.com\/index.php\/wp-json\/wp\/v2\/posts\/119328\/revisions\/119330"}],"wp:featuredmedia":[{"embeddable":true,"href":"https:\/\/elinformanteperu.com\/index.php\/wp-json\/wp\/v2\/media\/119329"}],"wp:attachment":[{"href":"https:\/\/elinformanteperu.com\/index.php\/wp-json\/wp\/v2\/media?parent=119328"}],"wp:term":[{"taxonomy":"category","embeddable":true,"href":"https:\/\/elinformanteperu.com\/index.php\/wp-json\/wp\/v2\/categories?post=119328"},{"taxonomy":"post_tag","embeddable":true,"href":"https:\/\/elinformanteperu.com\/index.php\/wp-json\/wp\/v2\/tags?post=119328"}],"curies":[{"name":"wp","href":"https:\/\/api.w.org\/{rel}","templated":true}]}}