{"id":119217,"date":"2024-03-09T21:44:42","date_gmt":"2024-03-10T02:44:42","guid":{"rendered":"https:\/\/elinformanteperu.com\/?p=119217"},"modified":"2024-03-09T23:15:09","modified_gmt":"2024-03-10T04:15:09","slug":"ya-llega-intensa-mente-2-trailer-y-fecha-de-estreno","status":"publish","type":"post","link":"https:\/\/elinformanteperu.com\/index.php\/2024\/03\/09\/ya-llega-intensa-mente-2-trailer-y-fecha-de-estreno\/","title":{"rendered":"Ya llega \u2018Intensa-mente 2\u2019: Tr\u00e1iler y fecha de estreno"},"content":{"rendered":"<p><span style=\"color: #000000;\"><strong>Lima, 09 de Marzo 2024, (El Informante Per\u00fa).-<\/strong> Ya se estren\u00f3 el tr\u00e1iler y p\u00f3ster del pr\u00f3ximo estreno, en cines, de Disney y Pixar, Intensa-mente 2, que da la bienvenida a nuevas emociones a la mente de la ahora adolescente, Riley. <\/span><\/p>\n<p><span style=\"color: #000000;\">Se unen a Alegr\u00eda (voz en ingl\u00e9s de Amy Poehler), Furia (voz en ingl\u00e9s de Lewis Black), Tristeza (voz en ingl\u00e9s de Phyllis Smith), Temor (voz en ingl\u00e9s de Tony Hale) y Desagrado (voz en ingl\u00e9s de Liza Lapira) un grupo de emociones perfectamente adecuadas a la adolescencia.<\/span><\/p>\n<p><a href=\"https:\/\/elinformanteperu.com\/wp-content\/uploads\/2024\/03\/intensamente-2-fotos1.jpg\"><img fetchpriority=\"high\" decoding=\"async\" class=\"size-full wp-image-119222 aligncenter\" src=\"https:\/\/elinformanteperu.com\/wp-content\/uploads\/2024\/03\/intensamente-2-fotos1.jpg\" alt=\"\" width=\"957\" height=\"472\" srcset=\"https:\/\/elinformanteperu.com\/wp-content\/uploads\/2024\/03\/intensamente-2-fotos1.jpg 957w, https:\/\/elinformanteperu.com\/wp-content\/uploads\/2024\/03\/intensamente-2-fotos1-300x148.jpg 300w, https:\/\/elinformanteperu.com\/wp-content\/uploads\/2024\/03\/intensamente-2-fotos1-768x379.jpg 768w\" sizes=\"(max-width: 957px) 100vw, 957px\" \/><\/a><\/p>\n<p><span style=\"color: #000000;\"><strong>&#8211; Maya Hawke<\/strong> da voz en ingl\u00e9s a Ansiedad, la nueva emoci\u00f3n \u2014ya anunciada\u2014 destinada a sacudirlo todo en el cuartel general y m\u00e1s all\u00e1. Un manojo de energ\u00eda agotadora, Ansiedad se asegura con entusiasmo de que Riley est\u00e9 preparada para cualquier posible resultado negativo.<\/span><\/p>\n<p><span style=\"color: #000000;\"><strong>&#8211; Envidia,<\/strong> voz en ingl\u00e9s de Ayo Edebiri, puede que sea peque\u00f1a, pero sabe muy bien lo que quiere. Siempre est\u00e1 celosa de todo lo que tienen los dem\u00e1s, y no tiene miedo de suspirar por ello.<\/span><\/p>\n<p><span style=\"color: #000000;\"><strong>&#8211; A Ennui,<\/strong> voz en ingl\u00e9s de Ad\u00e8le Exarchopoulos, no podr\u00eda importarle menos. Aburrida y somnolienta, tiene bien practicado el volteado de ojos, Ennui a\u00f1ade la cantidad perfecta de apat\u00eda adolescente a la personalidad de Riley, cuando le da la gana.<\/span><\/p>\n<p><span style=\"color: #000000;\"><strong>&#8211; A Verg\u00fcenza,<\/strong> con voz en ingl\u00e9s de Paul Walter Hauser, le gusta pasar desapercibido, lo que no es f\u00e1cil para este tipo corpulento de tez sonrosada.<\/span><\/p>\n<p><a href=\"https:\/\/elinformanteperu.com\/wp-content\/uploads\/2024\/03\/intensamente-2-fotos.jpg\"><img decoding=\"async\" class=\"size-full wp-image-119221 aligncenter\" src=\"https:\/\/elinformanteperu.com\/wp-content\/uploads\/2024\/03\/intensamente-2-fotos.jpg\" alt=\"\" width=\"955\" height=\"396\" srcset=\"https:\/\/elinformanteperu.com\/wp-content\/uploads\/2024\/03\/intensamente-2-fotos.jpg 955w, https:\/\/elinformanteperu.com\/wp-content\/uploads\/2024\/03\/intensamente-2-fotos-300x124.jpg 300w, https:\/\/elinformanteperu.com\/wp-content\/uploads\/2024\/03\/intensamente-2-fotos-768x318.jpg 768w\" sizes=\"(max-width: 955px) 100vw, 955px\" \/><\/a><span style=\"color: #000000;\">Adem\u00e1s, Kensington Tallman presta su voz en ingl\u00e9s a Riley Andersen, que est\u00e1 a punto de empezar la secundaria. Lilimar Hern\u00e1ndez da voz en ingl\u00e9s a Valentina \u00abVal\u00bb Ortiz, una jugadora de hockey del colegio a la que todos, incluidos Riley y sus amigos, admiran. <\/span><\/p>\n<p><span style=\"color: #000000;\">Diane Lane y Kyle MacLachlan vuelven a dar voz en ingl\u00e9s a la madre y el padre de Riley; Sumayyah Nuriddin-Green y Grace Lu prestan su voz en ingl\u00e9s a las mejores amigas de Riley; y Yvette Nicole Brown da voz en ingl\u00e9s al entrenador Roberts, que dirige un campamento de hockey de verano.\u00a0<\/span><\/p>\n<p><a href=\"https:\/\/elinformanteperu.com\/wp-content\/uploads\/2024\/03\/intensamente-2-fotos3.jpg\"><img decoding=\"async\" class=\"size-full wp-image-119219 aligncenter\" src=\"https:\/\/elinformanteperu.com\/wp-content\/uploads\/2024\/03\/intensamente-2-fotos3.jpg\" alt=\"\" width=\"957\" height=\"397\" srcset=\"https:\/\/elinformanteperu.com\/wp-content\/uploads\/2024\/03\/intensamente-2-fotos3.jpg 957w, https:\/\/elinformanteperu.com\/wp-content\/uploads\/2024\/03\/intensamente-2-fotos3-300x124.jpg 300w, https:\/\/elinformanteperu.com\/wp-content\/uploads\/2024\/03\/intensamente-2-fotos3-768x319.jpg 768w\" sizes=\"(max-width: 957px) 100vw, 957px\" \/><\/a><span style=\"color: #000000;\">La pel\u00edcula de Disney y Pixar Intensa-mente 2 vuelve a sumergirse en la mente de la flamante adolescente Riley justo cuando el cuartel general est\u00e1 sufriendo una repentina demolici\u00f3n para hacer sitio a algo totalmente inesperado: \u00a1nuevas emociones! Alegr\u00eda, Tristeza, Furia, Temor y Desagrado, que llevan mucho tiempo realizando una operaci\u00f3n exitosa, no est\u00e1n seguros de c\u00f3mo sentirse cuando aparece Ansiedad. Y parece que no est\u00e1 sola.<\/span><\/p>\n<p><a href=\"https:\/\/elinformanteperu.com\/wp-content\/uploads\/2024\/03\/intensamente-2-poster.jpg\"><img loading=\"lazy\" decoding=\"async\" class=\" wp-image-119223 aligncenter\" src=\"https:\/\/elinformanteperu.com\/wp-content\/uploads\/2024\/03\/intensamente-2-poster.jpg\" alt=\"\" width=\"319\" height=\"473\" srcset=\"https:\/\/elinformanteperu.com\/wp-content\/uploads\/2024\/03\/intensamente-2-poster.jpg 414w, https:\/\/elinformanteperu.com\/wp-content\/uploads\/2024\/03\/intensamente-2-poster-202x300.jpg 202w\" sizes=\"(max-width: 319px) 100vw, 319px\" \/><\/a><span style=\"color: #000000;\">La pel\u00edcula est\u00e1 dirigida por Kelsey Mann y producida por Mark Nielsen, Intensa-mente 2 cuenta con una partitura compuesta por Andrea Datzman y producida por Michael Giacchino. La cinta estrena solo en los cines el 13 de junio de 2024.<\/span><\/p>\n<p><iframe title=\"YouTube video player\" src=\"https:\/\/www.youtube-nocookie.com\/embed\/xiC2iXTXHxw?si=EG1LGjNLOaJ3KOGK&amp;controls=0\" width=\"520\" height=\"315\" frameborder=\"0\" allowfullscreen=\"allowfullscreen\"><\/iframe><\/p>\n","protected":false},"excerpt":{"rendered":"<p>Lima, 09 de Marzo 2024, (El Informante Per\u00fa).- Ya se estren\u00f3 el tr\u00e1iler y p\u00f3ster del pr\u00f3ximo estreno, en cines, de Disney y Pixar, Intensa-mente 2, que da la bienvenida a nuevas emociones a la mente de la ahora adolescente, Riley. Se unen a Alegr\u00eda (voz en ingl\u00e9s de Amy Poehler), Furia (voz en ingl\u00e9s [&hellip;]<\/p>\n","protected":false},"author":1,"featured_media":119219,"comment_status":"closed","ping_status":"closed","sticky":false,"template":"","format":"standard","meta":{"rop_custom_images_group":[],"rop_custom_messages_group":[],"rop_publish_now":"initial","rop_publish_now_accounts":[],"rop_publish_now_history":[],"rop_publish_now_status":"pending","footnotes":""},"categories":[7],"tags":[543,794,4145],"class_list":["post-119217","post","type-post","status-publish","format-standard","has-post-thumbnail","hentry","category-butaca","tag-disney","tag-disney-pixar","tag-pixar"],"_links":{"self":[{"href":"https:\/\/elinformanteperu.com\/index.php\/wp-json\/wp\/v2\/posts\/119217","targetHints":{"allow":["GET"]}}],"collection":[{"href":"https:\/\/elinformanteperu.com\/index.php\/wp-json\/wp\/v2\/posts"}],"about":[{"href":"https:\/\/elinformanteperu.com\/index.php\/wp-json\/wp\/v2\/types\/post"}],"author":[{"embeddable":true,"href":"https:\/\/elinformanteperu.com\/index.php\/wp-json\/wp\/v2\/users\/1"}],"replies":[{"embeddable":true,"href":"https:\/\/elinformanteperu.com\/index.php\/wp-json\/wp\/v2\/comments?post=119217"}],"version-history":[{"count":5,"href":"https:\/\/elinformanteperu.com\/index.php\/wp-json\/wp\/v2\/posts\/119217\/revisions"}],"predecessor-version":[{"id":119220,"href":"https:\/\/elinformanteperu.com\/index.php\/wp-json\/wp\/v2\/posts\/119217\/revisions\/119220"}],"wp:featuredmedia":[{"embeddable":true,"href":"https:\/\/elinformanteperu.com\/index.php\/wp-json\/wp\/v2\/media\/119219"}],"wp:attachment":[{"href":"https:\/\/elinformanteperu.com\/index.php\/wp-json\/wp\/v2\/media?parent=119217"}],"wp:term":[{"taxonomy":"category","embeddable":true,"href":"https:\/\/elinformanteperu.com\/index.php\/wp-json\/wp\/v2\/categories?post=119217"},{"taxonomy":"post_tag","embeddable":true,"href":"https:\/\/elinformanteperu.com\/index.php\/wp-json\/wp\/v2\/tags?post=119217"}],"curies":[{"name":"wp","href":"https:\/\/api.w.org\/{rel}","templated":true}]}}