{"id":119178,"date":"2024-03-01T00:10:51","date_gmt":"2024-03-01T05:10:51","guid":{"rendered":"https:\/\/elinformanteperu.com\/?p=119178"},"modified":"2024-03-01T00:21:14","modified_gmt":"2024-03-01T05:21:14","slug":"la-danza-de-los-mirlos-llega-a-los-cines-de-todo-el-pais","status":"publish","type":"post","link":"https:\/\/elinformanteperu.com\/index.php\/2024\/03\/01\/la-danza-de-los-mirlos-llega-a-los-cines-de-todo-el-pais\/","title":{"rendered":"\u00abLa Danza de Los Mirlos\u00bb llega a los cines de todo el pa\u00eds"},"content":{"rendered":"<p><span style=\"color: #000000;\"><strong>Lima, 29 de Febrero 2024, (El Informante Per\u00fa).-<\/strong> El esperado estreno de \u00abLa Danza de Los Mirlos\u00bb, dirigida por el talentoso cineasta \u00c1lvaro Luque, est\u00e1 programado para el d\u00eda de hoy en todos los cines del pa\u00eds. Tras cautivar a audiencias en prestigiosos festivales internacionales como Mar del Plata, Vi\u00f1a del Mar, Vancouver Latin American, San Diego Latino, In-Edit Barcelona, Sao Paulo, Ambulante M\u00e9xico, y ser la pel\u00edcula de inauguraci\u00f3n del Festival de cine de Lima en 2022, esta producci\u00f3n promete ser un hito en el cine documental.<\/span><\/p>\n<p><span style=\"color: #000000;\">Con la producci\u00f3n a cargo de Melissa Cordero y Nicol\u00e1s Carrasco, y un guion magistralmente elaborado por Jorge Ossio Seminario y Emanuel Giraldo Betancur, \u00abLa Danza de Los Mirlos\u00bb ofrece una experiencia cinematogr\u00e1fica que va m\u00e1s all\u00e1 de la simple narrativa. La participaci\u00f3n de figuras clave como Jorge Rodr\u00edguez Gr\u00e1ndez, Olivier Conan, Alfredo Villar y James Matos Tuesta en entrevistas fundamentales para la realizaci\u00f3n de la pel\u00edcula asegura una mirada profunda y aut\u00e9ntica a la trayectoria de Los Mirlos.<\/span><\/p>\n<p><a href=\"https:\/\/elinformanteperu.com\/wp-content\/uploads\/2024\/03\/los-mirlos2.jpg\"><img fetchpriority=\"high\" decoding=\"async\" class=\"size-full wp-image-119179 aligncenter\" src=\"https:\/\/elinformanteperu.com\/wp-content\/uploads\/2024\/03\/los-mirlos2.jpg\" alt=\"\" width=\"596\" height=\"446\" srcset=\"https:\/\/elinformanteperu.com\/wp-content\/uploads\/2024\/03\/los-mirlos2.jpg 596w, https:\/\/elinformanteperu.com\/wp-content\/uploads\/2024\/03\/los-mirlos2-300x224.jpg 300w\" sizes=\"(max-width: 596px) 100vw, 596px\" \/><\/a><span style=\"color: #000000;\">Este documental, a trav\u00e9s de un vasto material de archivo audiovisual, desde los primeros shows en fiestas locales de los a\u00f1os 60 hasta las recientes giras exitosas por Europa, traza el fascinante viaje de Los Mirlos y desentra\u00f1a la influencia y la importancia de la cumbia amaz\u00f3nica en la m\u00fasica latinoamericana.<\/span><\/p>\n<p><span style=\"color: #000000;\">\u00abLa Danza de Los Mirlos\u00bb no solo es una historia sobre una banda, sino tambi\u00e9n una exploraci\u00f3n profunda de la m\u00fasica tropical y popular de todo un continente.<\/span><\/p>\n<p><a href=\"https:\/\/elinformanteperu.com\/wp-content\/uploads\/2024\/03\/los-mirlos-horarios-cine.jpg\"><img decoding=\"async\" class=\"size-full wp-image-119182 aligncenter\" src=\"https:\/\/elinformanteperu.com\/wp-content\/uploads\/2024\/03\/los-mirlos-horarios-cine.jpg\" alt=\"\" width=\"793\" height=\"504\" srcset=\"https:\/\/elinformanteperu.com\/wp-content\/uploads\/2024\/03\/los-mirlos-horarios-cine.jpg 793w, https:\/\/elinformanteperu.com\/wp-content\/uploads\/2024\/03\/los-mirlos-horarios-cine-300x191.jpg 300w, https:\/\/elinformanteperu.com\/wp-content\/uploads\/2024\/03\/los-mirlos-horarios-cine-768x488.jpg 768w\" sizes=\"(max-width: 793px) 100vw, 793px\" \/><\/a><span style=\"color: #000000;\">No se pierdan la oportunidad de ser parte de esta experiencia \u00fanica en los cines de todo el pa\u00eds a partir de hoy, jueves 29 de febrero. \u00abLa Danza de Los Mirlos\u00bb promete emocionar, entretener y dejar una marca imborrable en la historia del cine documental latinoamericano.<\/span><\/p>\n<p><iframe title=\"YouTube video player\" src=\"https:\/\/www.youtube-nocookie.com\/embed\/-601uRdqrRM?si=vlNIoUgou_sFAkH2&amp;controls=0\" width=\"520\" height=\"315\" frameborder=\"0\" allowfullscreen=\"allowfullscreen\"><\/iframe><\/p>\n","protected":false},"excerpt":{"rendered":"<p>Lima, 29 de Febrero 2024, (El Informante Per\u00fa).- El esperado estreno de \u00abLa Danza de Los Mirlos\u00bb, dirigida por el talentoso cineasta \u00c1lvaro Luque, est\u00e1 programado para el d\u00eda de hoy en todos los cines del pa\u00eds. Tras cautivar a audiencias en prestigiosos festivales internacionales como Mar del Plata, Vi\u00f1a del Mar, Vancouver Latin American, [&hellip;]<\/p>\n","protected":false},"author":1,"featured_media":119139,"comment_status":"closed","ping_status":"closed","sticky":false,"template":"","format":"standard","meta":{"rop_custom_images_group":[],"rop_custom_messages_group":[],"rop_publish_now":"initial","rop_publish_now_accounts":[],"rop_publish_now_history":[],"rop_publish_now_status":"pending","footnotes":""},"categories":[7,5745],"tags":[],"class_list":["post-119178","post","type-post","status-publish","format-standard","has-post-thumbnail","hentry","category-butaca","category-lo-ultimo"],"_links":{"self":[{"href":"https:\/\/elinformanteperu.com\/index.php\/wp-json\/wp\/v2\/posts\/119178","targetHints":{"allow":["GET"]}}],"collection":[{"href":"https:\/\/elinformanteperu.com\/index.php\/wp-json\/wp\/v2\/posts"}],"about":[{"href":"https:\/\/elinformanteperu.com\/index.php\/wp-json\/wp\/v2\/types\/post"}],"author":[{"embeddable":true,"href":"https:\/\/elinformanteperu.com\/index.php\/wp-json\/wp\/v2\/users\/1"}],"replies":[{"embeddable":true,"href":"https:\/\/elinformanteperu.com\/index.php\/wp-json\/wp\/v2\/comments?post=119178"}],"version-history":[{"count":3,"href":"https:\/\/elinformanteperu.com\/index.php\/wp-json\/wp\/v2\/posts\/119178\/revisions"}],"predecessor-version":[{"id":119183,"href":"https:\/\/elinformanteperu.com\/index.php\/wp-json\/wp\/v2\/posts\/119178\/revisions\/119183"}],"wp:featuredmedia":[{"embeddable":true,"href":"https:\/\/elinformanteperu.com\/index.php\/wp-json\/wp\/v2\/media\/119139"}],"wp:attachment":[{"href":"https:\/\/elinformanteperu.com\/index.php\/wp-json\/wp\/v2\/media?parent=119178"}],"wp:term":[{"taxonomy":"category","embeddable":true,"href":"https:\/\/elinformanteperu.com\/index.php\/wp-json\/wp\/v2\/categories?post=119178"},{"taxonomy":"post_tag","embeddable":true,"href":"https:\/\/elinformanteperu.com\/index.php\/wp-json\/wp\/v2\/tags?post=119178"}],"curies":[{"name":"wp","href":"https:\/\/api.w.org\/{rel}","templated":true}]}}