{"id":119166,"date":"2024-02-23T00:12:17","date_gmt":"2024-02-23T05:12:17","guid":{"rendered":"https:\/\/elinformanteperu.com\/?p=119166"},"modified":"2024-03-09T20:55:24","modified_gmt":"2024-03-10T01:55:24","slug":"cuatro-peliculas-peruanas-ganadoras-de-estimulos-economicos-se-estrenaran-en-cines-comerciales","status":"publish","type":"post","link":"https:\/\/elinformanteperu.com\/index.php\/2024\/02\/23\/cuatro-peliculas-peruanas-ganadoras-de-estimulos-economicos-se-estrenaran-en-cines-comerciales\/","title":{"rendered":"Cuatro pel\u00edculas peruanas ganadoras de Est\u00edmulos Econ\u00f3micos se estrenar\u00e1n en cines comerciales"},"content":{"rendered":"<p><span style=\"color: #000000;\"><strong>Con una inversi\u00f3n superior a los S\/2 millones, los largometrajes \u00abReinaldo Cutipa\u00bb, \u00abTayta Shanti\u00bb y \u00abLa herencia de Flora\u00bb, y el documental \u201cLa danza de los Mirlos\u201d, realizaron grabaciones en Lima y en el interior del pa\u00eds<\/strong><\/span><\/p>\n<p><span style=\"color: #000000;\"><strong>Lima, 22 de Febrero 2024, (El Informante Per\u00fa).-<\/strong> El Ministerio de Cultura anunci\u00f3 que cuatro pel\u00edculas peruanas, que recibieron Est\u00edmulos Econ\u00f3micos para las diferentes etapas de su creaci\u00f3n, se estrenar\u00e1n en cines comerciales, entre febrero y marzo del 2024.<\/span><\/p>\n<p><span style=\"color: #000000;\">As\u00ed, la pel\u00edcula \u00abReinaldo Cutipa\u00bb del director peruano \u00d3scar Gonz\u00e1les Apaza, se estrenar\u00e1 el pr\u00f3ximo jueves 22 de febrero en las salas de cine a nivel nacional. El largometraje fue beneficiario de los Est\u00edmulos Econ\u00f3micos del Ministerio de Cultura en tres ocasiones: para su desarrollo, producci\u00f3n y distribuci\u00f3n, por un monto total de S\/650 mil, a trav\u00e9s de la empresa Abor\u00edgenes Cine.<\/span><\/p>\n<p><span style=\"color: #000000;\">Este film fue rodado cerca de Juliaca, en Puno, y es el resultado del trabajo de 34 personas, entre los equipos de direcci\u00f3n, producci\u00f3n, fotograf\u00eda, sonido, transporte, entre otros, seg\u00fan informaci\u00f3n de la empresa.<\/span><\/p>\n<p><span style=\"color: #000000;\">\u00abReinaldo Cutipa\u00bb es el segundo largometraje del cineasta Oscar Gonz\u00e1les. Se trata de un drama que cuenta la historia de Reinaldo, un joven que a sus 30 a\u00f1os vive con su madre sobreprotectora. Cuando este se enamora, tendr\u00e1 que lidiar con la tensi\u00f3n entre su nueva pareja y su madre.<\/span><\/p>\n<p><a href=\"https:\/\/elinformanteperu.com\/wp-content\/uploads\/2024\/02\/reinaldo-cutipa-filme.png\"><img fetchpriority=\"high\" decoding=\"async\" class=\"size-full wp-image-119167 aligncenter\" src=\"https:\/\/elinformanteperu.com\/wp-content\/uploads\/2024\/02\/reinaldo-cutipa-filme.png\" alt=\"\" width=\"817\" height=\"524\" srcset=\"https:\/\/elinformanteperu.com\/wp-content\/uploads\/2024\/02\/reinaldo-cutipa-filme.png 817w, https:\/\/elinformanteperu.com\/wp-content\/uploads\/2024\/02\/reinaldo-cutipa-filme-300x192.png 300w, https:\/\/elinformanteperu.com\/wp-content\/uploads\/2024\/02\/reinaldo-cutipa-filme-768x493.png 768w\" sizes=\"(max-width: 817px) 100vw, 817px\" \/><\/a><span style=\"color: #000000;\">Una semana despu\u00e9s, el jueves 29 de febrero, llega a la cartelera comercial, la pel\u00edcula \u00abTayta Shanti\u00bb, el tercer largometraje del director huanca\u00edno Hans Matos, quien nos cuenta una historia ambientada en las celebraciones de la fiesta de Santiago, cuando una familia llega a Huancayo desde la capital, para pasar los d\u00edas de celebraci\u00f3n y donde ver\u00e1n c\u00f3mo la joven \u2018Angie\u2019, no se identifica con sus ra\u00edces e identidad Wanka.<\/span><\/p>\n<p><span style=\"color: #000000;\">\u00abTayta Shanti\u00bb recibi\u00f3 Est\u00edmulos Econ\u00f3micos del Ministerio de Cultura para su producci\u00f3n y distribuci\u00f3n, a trav\u00e9s de la empresa Myxomatosis Kino, por un monto total de S\/600 mil, y adem\u00e1s fue grabada en la ciudad de Huancayo, donde trabajaron 74 personas, entre t\u00e9cnicos, artistas y jefes de \u00e1rea.<\/span><\/p>\n<p><span style=\"color: #000000;\">Para el mismo 29 de febrero, se ha anunciado el estreno del documental \u00abLa danza de los Mirlos\u00bb del director peruano \u00c1lvaro Luque. La pel\u00edcula recorre la historia del reconocido grupo de cumbia amaz\u00f3nica, a trav\u00e9s de material audiovisual de archivo, registrado por su l\u00edder y vocalista Jorge Rodr\u00edguez, quien nos llevar\u00e1 a un viaje por el coraz\u00f3n de Am\u00e9rica Latina.<\/span><\/p>\n<p><a href=\"https:\/\/elinformanteperu.com\/wp-content\/uploads\/2024\/02\/los-mirlos1.jpg\"><img decoding=\"async\" class=\"size-full wp-image-119140 aligncenter\" src=\"https:\/\/elinformanteperu.com\/wp-content\/uploads\/2024\/02\/los-mirlos1.jpg\" alt=\"\" width=\"1003\" height=\"526\" srcset=\"https:\/\/elinformanteperu.com\/wp-content\/uploads\/2024\/02\/los-mirlos1.jpg 1003w, https:\/\/elinformanteperu.com\/wp-content\/uploads\/2024\/02\/los-mirlos1-300x157.jpg 300w, https:\/\/elinformanteperu.com\/wp-content\/uploads\/2024\/02\/los-mirlos1-768x403.jpg 768w\" sizes=\"(max-width: 1003px) 100vw, 1003px\" \/><\/a><span style=\"color: #000000;\">\u00abLa danza de los Mirlos\u00bb recibi\u00f3 Est\u00edmulos Econ\u00f3micos del Ministerio de Cultura para su etapa de producci\u00f3n en el Concurso Nacional de Proyectos de Documental Formato Largo el a\u00f1o 2018, por S\/260 mil, mediante la empresa El Sexto Planeta, donde trabajaron alrededor de 40 profesionales del cine y el audiovisual.<\/span><\/p>\n<p><span style=\"color: #000000;\">Finalmente, el 7 de marzo llega el estreno comercial de la pel\u00edcula \u00abLa herencia de Flora\u00bb, la nueva pel\u00edcula del director Augusto Tamayo. Este largometraje, cont\u00f3 con los Est\u00edmulos del Ministerio de Cultura, para su producci\u00f3n y distribuci\u00f3n, sumando un total de S\/670 mil, a trav\u00e9s de la empresa Argos Producciones Audiovisuales.<\/span><\/p>\n<p><span style=\"color: #000000;\">\u00abLa herencia de Flora\u00bb es el d\u00e9cimo segundo largometraje del reconocido director, y centra su historia en la escritora y feminista Flora Trist\u00e1n, cuando escapa de Francia para reclamar su herencia en el Per\u00fa. Este viaje se convertir\u00e1 en un testimonio de valent\u00eda y dedicaci\u00f3n a una causa mayor.<\/span><\/p>\n<p><span style=\"color: #000000;\">La pel\u00edcula se grab\u00f3 durante el 2022 y gener\u00f3 empleo para 146 personas en su etapa de grabaci\u00f3n y postproducci\u00f3n.<\/span><\/p>\n<p><span style=\"color: #000000;\">Como se recuerda, los Est\u00edmulos Econ\u00f3micos del Ministerio de Cultura, son una pol\u00edtica de fomento que genera empleo a nivel nacional, promueve la creaci\u00f3n de contenido audiovisual peruano, y potencia el talento de los creadores, t\u00e9cnicos y artistas de nuestro pa\u00eds.<\/span><\/p>\n<p><span style=\"color: #000000;\">Para el presente a\u00f1o, en el marco de los Est\u00edmulos Econ\u00f3micos para la Cultura, la Direcci\u00f3n del Audiovisual, la Fonograf\u00eda y los Nuevos Medios (DAFO) ha conformado un grupo de trabajo con gremios y asociaciones civiles del sector cinematogr\u00e1fico y audiovisual peruano para emitir recomendaciones y propuestas t\u00e9cnicas y financieras sobre las l\u00edneas de est\u00edmulos que se incluir\u00e1n en el Plan Anual para el fomento de la actividad cinematogr\u00e1fica y audiovisual 2024. Dicho plan se dar\u00e1 a conocer a trav\u00e9s de una presentaci\u00f3n p\u00fablica a nivel nacional, a trav\u00e9s de las redes sociales del Ministerio de Cultura.<\/span><a href=\"https:\/\/elinformanteperu.com\/wp-content\/uploads\/2024\/02\/tayta-chanti.jpg\"><img decoding=\"async\" class=\"size-full wp-image-119168 aligncenter\" src=\"https:\/\/elinformanteperu.com\/wp-content\/uploads\/2024\/02\/tayta-chanti.jpg\" alt=\"\" width=\"975\" height=\"414\" srcset=\"https:\/\/elinformanteperu.com\/wp-content\/uploads\/2024\/02\/tayta-chanti.jpg 975w, https:\/\/elinformanteperu.com\/wp-content\/uploads\/2024\/02\/tayta-chanti-300x127.jpg 300w, https:\/\/elinformanteperu.com\/wp-content\/uploads\/2024\/02\/tayta-chanti-768x326.jpg 768w\" sizes=\"(max-width: 975px) 100vw, 975px\" \/><\/a><span style=\"color: #000000;\">De esta forma, desde el Ministerio de Cultura se viene impulsando la creaci\u00f3n de contenidos audiovisuales y cinematogr\u00e1ficos por parte de la ciudadan\u00eda, difundiendo la diversidad cultural y art\u00edstica del pa\u00eds, y permitiendo que el cine sea una ventana para la visibilidad internacional a trav\u00e9s de la promoci\u00f3n tur\u00edstica y cultural; as\u00ed como dinamizando las econom\u00edas locales como una industria en crecimiento<\/span><\/p>\n<p><span style=\"color: #000000;\">El Ministerio de Cultura, invita a la ciudadan\u00eda en general, para asistir a las salas de cine y apoyar la producci\u00f3n nacional, de este modo se permitir\u00e1 que las pel\u00edculas en menci\u00f3n puedan quedarse mayor tiempo en la cartelera comercial y, de esto modo, fomentar el despegue de la industria cinematogr\u00e1fica en el pa\u00eds, como motor de desarrollo.<\/span><\/p>\n<p><span style=\"color: #000000;\"><strong>El<\/strong> <strong>dato<\/strong><\/span><\/p>\n<p><span style=\"color: #000000;\">\u2022 Seg\u00fan un estudio publicado el 2017 por la Universidad del Pac\u00edfico, el sector del cine y del audiovisual, genera miles de puestos de trabajo y dinamiza la econom\u00eda del pa\u00eds. Seg\u00fan este estudio, la inversi\u00f3n de 1 mill\u00f3n de soles en el sector cinematogr\u00e1fico, genera un incremento productivo agregado a la econom\u00eda de m\u00e1s de 4 millones de soles.<\/span><\/p>\n<p><a href=\"https:\/\/elinformanteperu.com\/wp-content\/uploads\/2020\/12\/cine-covid3.jpg\"><img loading=\"lazy\" decoding=\"async\" class=\"size-large wp-image-88686 aligncenter\" src=\"https:\/\/elinformanteperu.com\/wp-content\/uploads\/2020\/12\/cine-covid3-1024x683.jpg\" alt=\"\" width=\"615\" height=\"410\" srcset=\"https:\/\/elinformanteperu.com\/wp-content\/uploads\/2020\/12\/cine-covid3-1024x683.jpg 1024w, https:\/\/elinformanteperu.com\/wp-content\/uploads\/2020\/12\/cine-covid3-300x200.jpg 300w, https:\/\/elinformanteperu.com\/wp-content\/uploads\/2020\/12\/cine-covid3-768x512.jpg 768w, https:\/\/elinformanteperu.com\/wp-content\/uploads\/2020\/12\/cine-covid3-1536x1024.jpg 1536w, https:\/\/elinformanteperu.com\/wp-content\/uploads\/2020\/12\/cine-covid3.jpg 1800w\" sizes=\"(max-width: 615px) 100vw, 615px\" \/><\/a><\/p>\n","protected":false},"excerpt":{"rendered":"<p>Con una inversi\u00f3n superior a los S\/2 millones, los largometrajes \u00abReinaldo Cutipa\u00bb, \u00abTayta Shanti\u00bb y \u00abLa herencia de Flora\u00bb, y el documental \u201cLa danza de los Mirlos\u201d, realizaron grabaciones en Lima y en el interior del pa\u00eds Lima, 22 de Febrero 2024, (El Informante Per\u00fa).- El Ministerio de Cultura anunci\u00f3 que cuatro pel\u00edculas peruanas, que [&hellip;]<\/p>\n","protected":false},"author":1,"featured_media":118925,"comment_status":"closed","ping_status":"closed","sticky":false,"template":"","format":"standard","meta":{"rop_custom_images_group":[],"rop_custom_messages_group":[],"rop_publish_now":"initial","rop_publish_now_accounts":[],"rop_publish_now_history":[],"rop_publish_now_status":"pending","footnotes":""},"categories":[7],"tags":[7356,2185,105,7367,7355],"class_list":["post-119166","post","type-post","status-publish","format-standard","has-post-thumbnail","hentry","category-butaca","tag-la-herencia-de-flora","tag-los-mirlos","tag-ministerio-de-cultura","tag-reinaldo-cutipa","tag-tayta-shanti"],"_links":{"self":[{"href":"https:\/\/elinformanteperu.com\/index.php\/wp-json\/wp\/v2\/posts\/119166","targetHints":{"allow":["GET"]}}],"collection":[{"href":"https:\/\/elinformanteperu.com\/index.php\/wp-json\/wp\/v2\/posts"}],"about":[{"href":"https:\/\/elinformanteperu.com\/index.php\/wp-json\/wp\/v2\/types\/post"}],"author":[{"embeddable":true,"href":"https:\/\/elinformanteperu.com\/index.php\/wp-json\/wp\/v2\/users\/1"}],"replies":[{"embeddable":true,"href":"https:\/\/elinformanteperu.com\/index.php\/wp-json\/wp\/v2\/comments?post=119166"}],"version-history":[{"count":3,"href":"https:\/\/elinformanteperu.com\/index.php\/wp-json\/wp\/v2\/posts\/119166\/revisions"}],"predecessor-version":[{"id":119206,"href":"https:\/\/elinformanteperu.com\/index.php\/wp-json\/wp\/v2\/posts\/119166\/revisions\/119206"}],"wp:featuredmedia":[{"embeddable":true,"href":"https:\/\/elinformanteperu.com\/index.php\/wp-json\/wp\/v2\/media\/118925"}],"wp:attachment":[{"href":"https:\/\/elinformanteperu.com\/index.php\/wp-json\/wp\/v2\/media?parent=119166"}],"wp:term":[{"taxonomy":"category","embeddable":true,"href":"https:\/\/elinformanteperu.com\/index.php\/wp-json\/wp\/v2\/categories?post=119166"},{"taxonomy":"post_tag","embeddable":true,"href":"https:\/\/elinformanteperu.com\/index.php\/wp-json\/wp\/v2\/tags?post=119166"}],"curies":[{"name":"wp","href":"https:\/\/api.w.org\/{rel}","templated":true}]}}