{"id":119161,"date":"2024-02-22T22:25:12","date_gmt":"2024-02-23T03:25:12","guid":{"rendered":"https:\/\/elinformanteperu.com\/?p=119161"},"modified":"2024-02-22T22:27:52","modified_gmt":"2024-02-23T03:27:52","slug":"cinco-consejos-infalibles-para-combatir-el-calor-en-tu-espacio-de-trabajo","status":"publish","type":"post","link":"https:\/\/elinformanteperu.com\/index.php\/2024\/02\/22\/cinco-consejos-infalibles-para-combatir-el-calor-en-tu-espacio-de-trabajo\/","title":{"rendered":"Cinco consejos infalibles para combatir el calor  en tu espacio de trabajo"},"content":{"rendered":"<p><strong><span style=\"color: #000000;\">Ante el pron\u00f3stico del aumento de la sensaci\u00f3n t\u00e9rmica en los pr\u00f3ximos d\u00edas, el ABC de Pac\u00edfico comparte algunas recomendaciones para proteger a los colaboradores<\/span><\/strong><\/p>\n<p><span style=\"color: #000000;\"><strong>Lima, 22 de Febrero 2024, (El Informante Per\u00fa).-<\/strong> Con altas temperaturas desde las primeras horas del d\u00eda, mantener el confort en el lugar de trabajo se vuelve desafiante. Por ello, es vital que las empresas implementen medidas para asegurar el bienestar de sus colaboradores y brindarles facilidades si es posible. El ABC de Pac\u00edfico ofrece recomendaciones para mejorar la efectividad y satisfacci\u00f3n de sus equipos.<\/span><\/p>\n<p><span style=\"color: #000000;\"><strong>1. Ad\u00e1ptate a la estaci\u00f3n:<\/strong> La elecci\u00f3n de ropa puede marcar una gran diferencia en la sensaci\u00f3n de calor. Seg\u00fan la pol\u00edtica de tu empresa, permite al personal vestir prendas m\u00e1s informales, como camisas mangas cortas, y evita los trajes, as\u00ed como el uso de sandalias en el caso de las mujeres. Respecto al material, se sugiere que sean de algod\u00f3n o fibras naturales que absorban el calor y la transpiraci\u00f3n.<\/span><\/p>\n<p><span style=\"color: #000000;\"><strong>2. Mejora los ambientes:<\/strong> Para asegurar un ambiente fresco y agradable, es fundamental elegir unidades de aire acondicionado eficientes y bien mantenidas que regulen la temperatura y controlen la humedad, esto mejorar\u00e1 la comodidad de tu personal, y mantener la temperatura entre los 23\u00b0 y 26\u00b0 C.<\/span><\/p>\n<p><span style=\"color: #000000;\"><strong>3. No descuides la hidrataci\u00f3n:<\/strong> Coloca a disposici\u00f3n de tus colaboradores estaciones de agua, l\u00edquidos frescos y frutas para evitar su descompensaci\u00f3n y que se mantengan hidratados. Es importante que los l\u00edquidos mantengan una temperatura entre los 10 y 16 grados cent\u00edgrados.<\/span><\/p>\n<p><span style=\"color: #000000;\"><strong>4. Potencia la flexibilidad:<\/strong> Durante esta temporada, las empresas pueden adoptar un enfoque h\u00edbrido en el trabajo, lo que tendr\u00eda un impacto positivo en reducir el tiempo de desplazamiento hacia la oficina y tambi\u00e9n del estr\u00e9s. \u00abEn Pac\u00edfico, optamos por limitar los d\u00edas de trabajo presencial en oficina a dos d\u00edas por semana, y en verano reducimos la jornada laboral hasta la 1pm. Esto permite que nuestros colaboradores dispongan de m\u00e1s tiempo para atender su vida personal y su bienestar, adem\u00e1s, pueden estar en el ambiente que les resulte m\u00e1s c\u00f3modo para trabajar\u00bb, se\u00f1ala Vanessa Ratto, gerente de Desarrollo Humano, Marketing y Sostenibilidad de Pac\u00edfico Seguros.<\/span><\/p>\n<p><span style=\"color: #000000;\"><strong>5. Realiza activaciones: <\/strong>El verano puede ser una excelente oportunidad para desarrollar din\u00e1micas dentro y fuera de la oficina, que fomenten la creatividad y compa\u00f1erismo entre los colaboradores. \u201cContamos con diversas iniciativas culturales, que motivan a vivir la mejor experiencia del trabajo. Por ejemplo, el 14 de febrero impulsamos diversas actividades, como concursos y m\u00e1s, e incluso disfrutamos de helados para refrescarnos\u201d, comenta Ratto.<\/span><\/p>\n<p><span style=\"color: #000000;\">El calor excesivo en el lugar de trabajo no solo representa riesgos para la salud, sino que tambi\u00e9n, puede afectar la capacidad f\u00edsica y la productividad de los empleados. Por lo tanto, es fundamental que las empresas se aseguren de proporcionar entornos laborales c\u00f3modos y seguros para su personal, sobre todo frente a las altas temperaturas que se vienen en las pr\u00f3ximas semanas.<\/span><\/p>\n","protected":false},"excerpt":{"rendered":"<p>Ante el pron\u00f3stico del aumento de la sensaci\u00f3n t\u00e9rmica en los pr\u00f3ximos d\u00edas, el ABC de Pac\u00edfico comparte algunas recomendaciones para proteger a los colaboradores Lima, 22 de Febrero 2024, (El Informante Per\u00fa).- Con altas temperaturas desde las primeras horas del d\u00eda, mantener el confort en el lugar de trabajo se vuelve desafiante. Por ello, [&hellip;]<\/p>\n","protected":false},"author":1,"featured_media":117924,"comment_status":"closed","ping_status":"closed","sticky":false,"template":"","format":"standard","meta":{"rop_custom_images_group":[],"rop_custom_messages_group":[],"rop_publish_now":"initial","rop_publish_now_accounts":[],"rop_publish_now_history":[],"rop_publish_now_status":"pending","footnotes":""},"categories":[10,5746,5745,21],"tags":[],"class_list":["post-119161","post","type-post","status-publish","format-standard","has-post-thumbnail","hentry","category-actualidad-municipal","category-foto-noticias","category-lo-ultimo","category-orientacion"],"_links":{"self":[{"href":"https:\/\/elinformanteperu.com\/index.php\/wp-json\/wp\/v2\/posts\/119161","targetHints":{"allow":["GET"]}}],"collection":[{"href":"https:\/\/elinformanteperu.com\/index.php\/wp-json\/wp\/v2\/posts"}],"about":[{"href":"https:\/\/elinformanteperu.com\/index.php\/wp-json\/wp\/v2\/types\/post"}],"author":[{"embeddable":true,"href":"https:\/\/elinformanteperu.com\/index.php\/wp-json\/wp\/v2\/users\/1"}],"replies":[{"embeddable":true,"href":"https:\/\/elinformanteperu.com\/index.php\/wp-json\/wp\/v2\/comments?post=119161"}],"version-history":[{"count":1,"href":"https:\/\/elinformanteperu.com\/index.php\/wp-json\/wp\/v2\/posts\/119161\/revisions"}],"predecessor-version":[{"id":119162,"href":"https:\/\/elinformanteperu.com\/index.php\/wp-json\/wp\/v2\/posts\/119161\/revisions\/119162"}],"wp:featuredmedia":[{"embeddable":true,"href":"https:\/\/elinformanteperu.com\/index.php\/wp-json\/wp\/v2\/media\/117924"}],"wp:attachment":[{"href":"https:\/\/elinformanteperu.com\/index.php\/wp-json\/wp\/v2\/media?parent=119161"}],"wp:term":[{"taxonomy":"category","embeddable":true,"href":"https:\/\/elinformanteperu.com\/index.php\/wp-json\/wp\/v2\/categories?post=119161"},{"taxonomy":"post_tag","embeddable":true,"href":"https:\/\/elinformanteperu.com\/index.php\/wp-json\/wp\/v2\/tags?post=119161"}],"curies":[{"name":"wp","href":"https:\/\/api.w.org\/{rel}","templated":true}]}}