{"id":119138,"date":"2024-02-18T13:49:27","date_gmt":"2024-02-18T18:49:27","guid":{"rendered":"https:\/\/elinformanteperu.com\/?p=119138"},"modified":"2024-02-18T13:49:27","modified_gmt":"2024-02-18T18:49:27","slug":"la-esperada-pelicula-la-danza-de-los-mirlos-llega-a-los-cines-el-29-de-febrero","status":"publish","type":"post","link":"https:\/\/elinformanteperu.com\/index.php\/2024\/02\/18\/la-esperada-pelicula-la-danza-de-los-mirlos-llega-a-los-cines-el-29-de-febrero\/","title":{"rendered":"\u00a1La esperada pel\u00edcula \u00abLa Danza de los Mirlos\u00bb llega a los cines el 29 de febrero!"},"content":{"rendered":"<p><span style=\"color: #000000;\"><strong>Lima, 18 de Febrero 2024, (El Informante Per\u00fa).-<\/strong> \u00a1Fecha de estreno ya confirmada! el documental musical tan esperado, \u00abLa Danza de Los Mirlos\u00bb, dirigido por el talentoso cineasta \u00c1lvaro Luque, ser\u00e1 estrenado en todos los cines del pa\u00eds el jueves 29 de febrero, tras su paso por festivales internacionales como Mar del Plata, Vi\u00f1a del Mar, Vancouver Latin American, San Diego Latino, In-Edit Barcelona y Sao Paulo, Ambulante M\u00e9xico, y de ser la pel\u00edcula de inauguraci\u00f3n del Festival de cine de Lima en 2022.<\/span><\/p>\n<p><span style=\"color: #000000;\">El director \u00c1lvaro Luque, es un cineasta peruano con estudios en la Fundaci\u00f3n Universidad del Cine (FUC) en Argentina y una exitosa carrera en el Per\u00fa, \u00c1lvaro Luque ha demostrado su pasi\u00f3n y compromiso por el arte cinematogr\u00e1fico.<\/span><\/p>\n<p><span style=\"color: #000000;\">\u00abLa Danza de Los Mirlos\u00bb marca el primer largometraje documental de \u00c1lvaro Luque. Este proyecto \u00fanico narra la fascinante historia de la m\u00edtica banda de cumbia amaz\u00f3nica, Los Mirlos. La pel\u00edcula se sumerge en el coraz\u00f3n de Moyobamba, capital de la regi\u00f3n San Mart\u00edn en el nororiente del Per\u00fa, donde un grupo de j\u00f3venes se re\u00fane para dar pie al nacimiento de una leyenda musical.<\/span><\/p>\n<p><span style=\"color: #000000;\">Con la producci\u00f3n a cargo de Melissa Cordero y Nicol\u00e1s Carrasco, guion de Jorge Ossio Seminario y Emanuel Giraldo Betancur, y con la participaci\u00f3n de figuras clave como Jorge Rodr\u00edguez Gr\u00e1ndez, Olivier Conan, Alfredo Villar y James Matos Tuesta en entrevistas fundamentales para la realizaci\u00f3n de la pel\u00edcula, \u00abLa Danza de Los Mirlos\u00bb promete ser una experiencia cinematogr\u00e1fica \u00fanica.<\/span><\/p>\n<p><span style=\"color: #000000;\">A trav\u00e9s de un amplio material de archivo audiovisual, que abarca desde los primeros shows en fiestas locales de los a\u00f1os 60 hasta las recientes giras exitosas por Europa, este documental traza la trayectoria de Los Mirlos y, a su vez, revela la influencia y la importancia de la cumbia amaz\u00f3nica en la m\u00fasica latinoamericana.<\/span><\/p>\n<p><span style=\"color: #000000;\">No solo es una historia sobre una banda, sino tambi\u00e9n una exploraci\u00f3n profunda de la m\u00fasica tropical y popular de todo un continente. Desde las disputas entre integrantes hasta las exc\u00e9ntricas aventuras y la idolatr\u00eda de todo un pueblo, \u00abLa Danza de los Mirlos\u00bb captura la esencia misma de la cumbia amaz\u00f3nica.<\/span><\/p>\n<p><span style=\"color: #000000;\">\u00a1El estreno de la pel\u00edcula \u00abLa Danza de Los Mirlos\u201d est\u00e1 confirmado para el jueves 29 de febrero en todos los cines del pa\u00eds, disfruta en pantalla grande de este viaje inolvidable a trav\u00e9s de la m\u00fasica y la historia!<\/span><\/p>\n<p><a href=\"https:\/\/elinformanteperu.com\/wp-content\/uploads\/2024\/02\/los-mirlos1.jpg\"><img fetchpriority=\"high\" decoding=\"async\" class=\"size-full wp-image-119140 aligncenter\" src=\"https:\/\/elinformanteperu.com\/wp-content\/uploads\/2024\/02\/los-mirlos1.jpg\" alt=\"\" width=\"1003\" height=\"526\" srcset=\"https:\/\/elinformanteperu.com\/wp-content\/uploads\/2024\/02\/los-mirlos1.jpg 1003w, https:\/\/elinformanteperu.com\/wp-content\/uploads\/2024\/02\/los-mirlos1-300x157.jpg 300w, https:\/\/elinformanteperu.com\/wp-content\/uploads\/2024\/02\/los-mirlos1-768x403.jpg 768w\" sizes=\"(max-width: 1003px) 100vw, 1003px\" \/><\/a><\/p>\n","protected":false},"excerpt":{"rendered":"<p>Lima, 18 de Febrero 2024, (El Informante Per\u00fa).- \u00a1Fecha de estreno ya confirmada! el documental musical tan esperado, \u00abLa Danza de Los Mirlos\u00bb, dirigido por el talentoso cineasta \u00c1lvaro Luque, ser\u00e1 estrenado en todos los cines del pa\u00eds el jueves 29 de febrero, tras su paso por festivales internacionales como Mar del Plata, Vi\u00f1a del [&hellip;]<\/p>\n","protected":false},"author":1,"featured_media":119139,"comment_status":"closed","ping_status":"closed","sticky":false,"template":"","format":"standard","meta":{"rop_custom_images_group":[],"rop_custom_messages_group":[],"rop_publish_now":"initial","rop_publish_now_accounts":[],"rop_publish_now_history":[],"rop_publish_now_status":"pending","footnotes":""},"categories":[7,5745],"tags":[1626,2185],"class_list":["post-119138","post","type-post","status-publish","format-standard","has-post-thumbnail","hentry","category-butaca","category-lo-ultimo","tag-cine-peruano","tag-los-mirlos"],"_links":{"self":[{"href":"https:\/\/elinformanteperu.com\/index.php\/wp-json\/wp\/v2\/posts\/119138","targetHints":{"allow":["GET"]}}],"collection":[{"href":"https:\/\/elinformanteperu.com\/index.php\/wp-json\/wp\/v2\/posts"}],"about":[{"href":"https:\/\/elinformanteperu.com\/index.php\/wp-json\/wp\/v2\/types\/post"}],"author":[{"embeddable":true,"href":"https:\/\/elinformanteperu.com\/index.php\/wp-json\/wp\/v2\/users\/1"}],"replies":[{"embeddable":true,"href":"https:\/\/elinformanteperu.com\/index.php\/wp-json\/wp\/v2\/comments?post=119138"}],"version-history":[{"count":1,"href":"https:\/\/elinformanteperu.com\/index.php\/wp-json\/wp\/v2\/posts\/119138\/revisions"}],"predecessor-version":[{"id":119141,"href":"https:\/\/elinformanteperu.com\/index.php\/wp-json\/wp\/v2\/posts\/119138\/revisions\/119141"}],"wp:featuredmedia":[{"embeddable":true,"href":"https:\/\/elinformanteperu.com\/index.php\/wp-json\/wp\/v2\/media\/119139"}],"wp:attachment":[{"href":"https:\/\/elinformanteperu.com\/index.php\/wp-json\/wp\/v2\/media?parent=119138"}],"wp:term":[{"taxonomy":"category","embeddable":true,"href":"https:\/\/elinformanteperu.com\/index.php\/wp-json\/wp\/v2\/categories?post=119138"},{"taxonomy":"post_tag","embeddable":true,"href":"https:\/\/elinformanteperu.com\/index.php\/wp-json\/wp\/v2\/tags?post=119138"}],"curies":[{"name":"wp","href":"https:\/\/api.w.org\/{rel}","templated":true}]}}