{"id":119117,"date":"2024-01-31T00:56:45","date_gmt":"2024-01-31T05:56:45","guid":{"rendered":"https:\/\/elinformanteperu.com\/?p=119117"},"modified":"2024-01-31T01:01:15","modified_gmt":"2024-01-31T06:01:15","slug":"el-estilo-de-bella-baxter-la-iconica-protagonista-de-pobres-criaturas","status":"publish","type":"post","link":"https:\/\/elinformanteperu.com\/index.php\/2024\/01\/31\/el-estilo-de-bella-baxter-la-iconica-protagonista-de-pobres-criaturas\/","title":{"rendered":"El estilo de Bella Baxter, la ic\u00f3nica protagonista de Pobres Criaturas"},"content":{"rendered":"<p><strong><span style=\"color: #000000;\">Nuevo film de Yorgos Lanthimos, nominado a 11 premios Oscar<\/span><\/strong><\/p>\n<p><span style=\"color: #000000;\"><strong>Lima, 30 enero 2023, (El Informante Per\u00fa).-<\/strong> La audiencia ya puede disfrutar en cines del fascinante mundo de Bella Baxter (Emma Stone), la protagonista de la pel\u00edcula dirigida por Yorgos Lanthimos, Pobres Criaturas, ganadora de dos Globos de Oro, incluyendo Mejor Pel\u00edcula de Comedia o Musical y Mejor Actriz de Comedia o Musical, y el premio Critics Choice Awards a Mejor Actriz para Stone por la interpretaci\u00f3n de ella. Recientemente, la pel\u00edcula fue nominada a 11 premios BAFTA y cuenta con 11 nominaciones a los Premios Oscars, incluyendo Mejor Pel\u00edcula, Mejor Direcci\u00f3n, Mejor Actriz, Mejor Actor de Reparto, Mejor Guion Adaptado, Mejor Maquillaje y Peluquer\u00eda, y Mejor Dise\u00f1o de Vestuario.<\/span><\/p>\n<p><strong><span style=\"color: #000000;\">Los extravagantes dise\u00f1os de Waddington marcan el desarrollo de Bella Baxter<\/span><\/strong><\/p>\n<p><a href=\"https:\/\/elinformanteperu.com\/wp-content\/uploads\/2024\/01\/pobres-criaturas-8.jpg\"><img fetchpriority=\"high\" decoding=\"async\" class=\"size-full wp-image-119123 aligncenter\" src=\"https:\/\/elinformanteperu.com\/wp-content\/uploads\/2024\/01\/pobres-criaturas-8.jpg\" alt=\"\" width=\"494\" height=\"366\" srcset=\"https:\/\/elinformanteperu.com\/wp-content\/uploads\/2024\/01\/pobres-criaturas-8.jpg 494w, https:\/\/elinformanteperu.com\/wp-content\/uploads\/2024\/01\/pobres-criaturas-8-300x222.jpg 300w\" sizes=\"(max-width: 494px) 100vw, 494px\" \/><\/a><span style=\"color: #000000;\">Emma Stone se sinti\u00f3 afortunada de trabajar junto a Holly Waddington, mientras la dise\u00f1adora daba rienda suelta a su creatividad para dar vida a los trajes m\u00e1s extravagantes de Bella. Al igual que los entornos del film, los vestuarios combinan m\u00faltiples inspiraciones y hacen referencia a diversas etapas de la moda, sin estar asociado a un momento hist\u00f3rico en particular. El resultado es una serie de trajes singulares, de gran riqueza creativa, que lucen exquisitamente en Stone.<\/span><\/p>\n<p><span style=\"color: #000000;\">A medida que el personaje de Bella Baxter comienza a desarrollarse y sale al mundo y a la sociedad, los trajes creados por Waddington reflejan el despertar social y sexual de Bella.<\/span><\/p>\n<p><span style=\"color: #000000;\">\u201cLa paleta de colores y los materiales que us\u00f3 Holly hab\u00edan sido muy bien pensados e inspirados en lo que Bella est\u00e1 experimentando y c\u00f3mo est\u00e1 evolucionando\u201d explica Stone.<\/span><\/p>\n<p><span style=\"color: #000000;\">Waddington utiliz\u00f3 diferentes vestuarios para representar los momentos que atraviesa Bella Baxter, desde blusas de aspecto victoriano y trajes incompletos haciendo referencia a la ni\u00f1ez del personaje, vestuarios cortos y sencillos que acompa\u00f1an la libertad que experimenta Bella en Lisboa, hasta trajes formales durante su etapa como representante de su clase social y como una mujer de clase alta. La \u00fanica vez que Bella usa cors\u00e9 en la pel\u00edcula es cuando vuelve con Alfie Blessington y se pone un vestido de su vida anterior como Victoria Blessington.<\/span><\/p>\n<p><strong><span style=\"color: #000000;\">Las decisiones de Nadia Stacey sobre el estilo de Bella Baxter<\/span><\/strong><\/p>\n<p><a href=\"https:\/\/elinformanteperu.com\/wp-content\/uploads\/2024\/01\/pobres-criaturas-7.jpg\"><img decoding=\"async\" class=\"size-full wp-image-119121 aligncenter\" src=\"https:\/\/elinformanteperu.com\/wp-content\/uploads\/2024\/01\/pobres-criaturas-7.jpg\" alt=\"\" width=\"495\" height=\"375\" srcset=\"https:\/\/elinformanteperu.com\/wp-content\/uploads\/2024\/01\/pobres-criaturas-7.jpg 495w, https:\/\/elinformanteperu.com\/wp-content\/uploads\/2024\/01\/pobres-criaturas-7-300x227.jpg 300w\" sizes=\"(max-width: 495px) 100vw, 495px\" \/><\/a><span style=\"color: #000000;\">La dise\u00f1adora de peluquer\u00eda, maquillaje y pr\u00f3tesis Nadia Stacey, sab\u00eda que muchos de los personajes deb\u00edan tener un aspecto exc\u00e9ntrico, cuando menos.<\/span><\/p>\n<p><span style=\"color: #000000;\">\u201cSiempre hay gente en la sociedad que no tiene el aspecto t\u00edpico de la \u00e9poca. Puedes caminar por la calle ahora y ver alguien que parece salido de los a\u00f1os setenta. Est\u00e1bamos explorando qui\u00e9nes podr\u00edan haber sido esas personas y qu\u00e9 pasar\u00eda si pensaran de manera diferente. Eso es lo que hace que las pel\u00edculas de Yorgos sean siempre tan interesantes\u201d<\/span><\/p>\n<p><span style=\"color: #000000;\">Al momento de pensar en c\u00f3mo deber\u00eda lucir el cabello de Bella en la historia, Nadia Stacey supo que el cabello suelto y extremadamente largo era la opci\u00f3n m\u00e1s potente para el personaje. La dise\u00f1adora de peinado y maquillaje se aferr\u00f3 a la idea de que Bella fuera el m\u00e1ximo exponente del feminismo de su \u00e9poca. Cuando ley\u00f3 sobre las mujeres de la \u00e9poca victoriana, not\u00f3 que a menudo hablaban de las normas que deb\u00edan seguir, pero el personaje no tiene ninguna atadura, y su cabello se contradice marcadamente con la rigidez y restricci\u00f3n a las que estaban sometidas las mujeres que habitan el mundo de Bella. As\u00ed, Stacey decidi\u00f3 que Bella nunca se atar\u00eda el pelo, especialmente en Lisboa, cuando est\u00e1 haciendo exactamente lo que ella quiere.<\/span><\/p>\n<p><span style=\"color: #000000;\">Pobres Criaturas es la tercera pel\u00edcula en la que Stone trabaja con Nadia Stacey, luego de haber colaborado juntas en el film de 2018 La Favorita y en la pel\u00edcula de Disney de 2021 Cruella.<\/span><\/p>\n<p><span style=\"color: #000000;\">\u201cMe encanta trabajar con Nadia. La Favorita y Cruella son similares a Pobres Criaturas, en el sentido de que no est\u00e1n ambientadas en el mundo que conocemos. Nadia lo hace a la perfecci\u00f3n: combinar elementos hist\u00f3ricos con estas incre\u00edbles referencias y darles un giro totalmente inesperado\u201d, revela Stone.<\/span><\/p>\n<p><span style=\"color: #000000;\">Pobres Criaturas ya se estrena en todos los cines del pa\u00eds.<\/span><\/p>\n<p><iframe title=\"YouTube video player\" src=\"https:\/\/www.youtube-nocookie.com\/embed\/HGK_FyxBs2M?si=OrhKHAvaVdFGsCAQ&amp;controls=0\" width=\"520\" height=\"315\" frameborder=\"0\" allowfullscreen=\"allowfullscreen\"><span data-mce-type=\"bookmark\" style=\"display: inline-block; width: 0px; overflow: hidden; line-height: 0;\" class=\"mce_SELRES_start\">\ufeff<\/span><\/iframe><\/p>\n","protected":false},"excerpt":{"rendered":"<p>Nuevo film de Yorgos Lanthimos, nominado a 11 premios Oscar Lima, 30 enero 2023, (El Informante Per\u00fa).- La audiencia ya puede disfrutar en cines del fascinante mundo de Bella Baxter (Emma Stone), la protagonista de la pel\u00edcula dirigida por Yorgos Lanthimos, Pobres Criaturas, ganadora de dos Globos de Oro, incluyendo Mejor Pel\u00edcula de Comedia o [&hellip;]<\/p>\n","protected":false},"author":1,"featured_media":119118,"comment_status":"closed","ping_status":"closed","sticky":false,"template":"","format":"standard","meta":{"rop_custom_images_group":[],"rop_custom_messages_group":[],"rop_publish_now":"initial","rop_publish_now_accounts":[],"rop_publish_now_history":[],"rop_publish_now_status":"pending","footnotes":""},"categories":[7],"tags":[488,7354,7350],"class_list":["post-119117","post","type-post","status-publish","format-standard","has-post-thumbnail","hentry","category-butaca","tag-cine","tag-oscar-2024","tag-pobres-criaturas"],"_links":{"self":[{"href":"https:\/\/elinformanteperu.com\/index.php\/wp-json\/wp\/v2\/posts\/119117","targetHints":{"allow":["GET"]}}],"collection":[{"href":"https:\/\/elinformanteperu.com\/index.php\/wp-json\/wp\/v2\/posts"}],"about":[{"href":"https:\/\/elinformanteperu.com\/index.php\/wp-json\/wp\/v2\/types\/post"}],"author":[{"embeddable":true,"href":"https:\/\/elinformanteperu.com\/index.php\/wp-json\/wp\/v2\/users\/1"}],"replies":[{"embeddable":true,"href":"https:\/\/elinformanteperu.com\/index.php\/wp-json\/wp\/v2\/comments?post=119117"}],"version-history":[{"count":4,"href":"https:\/\/elinformanteperu.com\/index.php\/wp-json\/wp\/v2\/posts\/119117\/revisions"}],"predecessor-version":[{"id":119124,"href":"https:\/\/elinformanteperu.com\/index.php\/wp-json\/wp\/v2\/posts\/119117\/revisions\/119124"}],"wp:featuredmedia":[{"embeddable":true,"href":"https:\/\/elinformanteperu.com\/index.php\/wp-json\/wp\/v2\/media\/119118"}],"wp:attachment":[{"href":"https:\/\/elinformanteperu.com\/index.php\/wp-json\/wp\/v2\/media?parent=119117"}],"wp:term":[{"taxonomy":"category","embeddable":true,"href":"https:\/\/elinformanteperu.com\/index.php\/wp-json\/wp\/v2\/categories?post=119117"},{"taxonomy":"post_tag","embeddable":true,"href":"https:\/\/elinformanteperu.com\/index.php\/wp-json\/wp\/v2\/tags?post=119117"}],"curies":[{"name":"wp","href":"https:\/\/api.w.org\/{rel}","templated":true}]}}