{"id":119044,"date":"2024-01-28T23:01:31","date_gmt":"2024-01-29T04:01:31","guid":{"rendered":"https:\/\/elinformanteperu.com\/?p=119044"},"modified":"2024-01-28T23:01:31","modified_gmt":"2024-01-29T04:01:31","slug":"morrissey-ya-no-ofrecera-concierto-en-lima-enterate-por-que","status":"publish","type":"post","link":"https:\/\/elinformanteperu.com\/index.php\/2024\/01\/28\/morrissey-ya-no-ofrecera-concierto-en-lima-enterate-por-que\/","title":{"rendered":"Morrissey ya no ofrecer\u00e1 concierto en Lima: ent\u00e9rate por qu\u00e9"},"content":{"rendered":"<p><strong><span style=\"color: #000000;\">Move Concerts Per\u00fa se\u00f1ala qu\u00e9 hacer para la devoluci\u00f3n de las entradas<\/span><\/strong><\/p>\n<p><span style=\"color: #000000;\"><strong>Lima, 28 enero 2023, (ANDINA).-<\/strong> El artista brit\u00e1nico Morrissey, que ten\u00eda previsto llegar a Lima para celebrar sus 40 a\u00f1os de carrera en un concierto en el anfiteatro del Parque de la Exposici\u00f3n el 8 de febrero, cancel\u00f3 su presentaci\u00f3n, anunci\u00f3 hoy Move Concerts Per\u00fa, empresa organizadora del evento.<\/span><\/p>\n<p><span style=\"color: #000000;\">La cancelaci\u00f3n se extiende a todos los conciertos programados para su gira en Latinoam\u00e9rica y obedece a problemas de salud de la estrella, precisa en un comunicado difundido en redes sociales.<\/span><\/p>\n<p><span style=\"color: #000000;\">El brit\u00e1nico iba a traer su gira \u201c40 years of Morrissey\u201d, descrita por Move Concerts como \u00abuna celebraci\u00f3n de las canciones que te hicieron re\u00edr, llorar y las canciones que salvaron tu vida\u00bb.<\/span><\/p>\n<p><span style=\"color: #000000;\">\u00abMorrissey se encuentra bajo supervisi\u00f3n m\u00e9dica a causa de agotamiento f\u00edsico. Se le ha ordenado descansar y permanecer en Z\u00farich\u00bb, comunic\u00f3 Donnie Knutson, tour manager del m\u00fasico brit\u00e1nico, en la cuenta de Instagram de Morrissey.<\/span><\/p>\n<p><span style=\"color: #000000;\">\u00bfC\u00f3mo se har\u00e1 con la devoluci\u00f3n de las entradas?<\/span><br \/>\n<span style=\"color: #000000;\">Tras lamentar los inconvenientes que esta situaci\u00f3n pueda ocasionar, Move Concerts Per\u00fa se\u00f1al\u00f3: \u00abEn cuanto al proceso de devoluci\u00f3n de las entradas, informamos que en los pr\u00f3ximos d\u00edas se anunciar\u00e1 los detalles espec\u00edficos para realizar este procedimiento\u00bb.<\/span><\/p>\n<p><span style=\"color: #000000;\">Recomienda mantenerse atento a las redes sociales de la empresa organizadora del evento para obtener m\u00e1s informaci\u00f3n y actualizaciones sobre este procedimiento.<\/span><\/p>\n<p><span style=\"color: #000000;\">Los fans esperaban repasar junto a su artista grandes \u00e9xitos de su etapa solista, como Suedehead, Everyday is Like Sunday y First of the Gang to Die, as\u00ed como los \u00e9xitos de The Smiths, como There is a Light that Never Goes Out, How Soon is Now, This Charming Man.<\/span><\/p>\n<blockquote class=\"twitter-tweet\">\n<p dir=\"ltr\" lang=\"es\">MORRISSEY CANCELA SU GIRA EN LATINOAM\u00c9RICA<\/p>\n<p>En cuanto al proceso de devoluci\u00f3n de las entradas, informamos que en los pr\u00f3ximos d\u00edas se anunciar\u00e1n los detalles espec\u00edficos para realizar este procedimiento.<\/p>\n<p>Mant\u00e9ngase atento a nuestras redes sociales para obtener m\u00e1s informaci\u00f3n <a href=\"https:\/\/t.co\/hax7YjK4xG\">pic.twitter.com\/hax7YjK4xG<\/a><\/p>\n<p>\u2014 Move Concerts Per\u00fa (@MoveConcertsPE) <a href=\"https:\/\/twitter.com\/MoveConcertsPE\/status\/1750973543842521319?ref_src=twsrc%5Etfw\">January 26, 2024<\/a><\/p><\/blockquote>\n<p><script async src=\"https:\/\/platform.twitter.com\/widgets.js\" charset=\"utf-8\"><\/script><\/p>\n","protected":false},"excerpt":{"rendered":"<p>Move Concerts Per\u00fa se\u00f1ala qu\u00e9 hacer para la devoluci\u00f3n de las entradas Lima, 28 enero 2023, (ANDINA).- El artista brit\u00e1nico Morrissey, que ten\u00eda previsto llegar a Lima para celebrar sus 40 a\u00f1os de carrera en un concierto en el anfiteatro del Parque de la Exposici\u00f3n el 8 de febrero, cancel\u00f3 su presentaci\u00f3n, anunci\u00f3 hoy Move [&hellip;]<\/p>\n","protected":false},"author":1,"featured_media":119045,"comment_status":"closed","ping_status":"closed","sticky":false,"template":"","format":"standard","meta":{"rop_custom_images_group":[],"rop_custom_messages_group":[],"rop_publish_now":"initial","rop_publish_now_accounts":[],"rop_publish_now_history":[],"rop_publish_now_status":"pending","footnotes":""},"categories":[69],"tags":[7359,3876],"class_list":["post-119044","post","type-post","status-publish","format-standard","has-post-thumbnail","hentry","category-musica","tag-conciertos-2024","tag-morrissey"],"_links":{"self":[{"href":"https:\/\/elinformanteperu.com\/index.php\/wp-json\/wp\/v2\/posts\/119044","targetHints":{"allow":["GET"]}}],"collection":[{"href":"https:\/\/elinformanteperu.com\/index.php\/wp-json\/wp\/v2\/posts"}],"about":[{"href":"https:\/\/elinformanteperu.com\/index.php\/wp-json\/wp\/v2\/types\/post"}],"author":[{"embeddable":true,"href":"https:\/\/elinformanteperu.com\/index.php\/wp-json\/wp\/v2\/users\/1"}],"replies":[{"embeddable":true,"href":"https:\/\/elinformanteperu.com\/index.php\/wp-json\/wp\/v2\/comments?post=119044"}],"version-history":[{"count":1,"href":"https:\/\/elinformanteperu.com\/index.php\/wp-json\/wp\/v2\/posts\/119044\/revisions"}],"predecessor-version":[{"id":119046,"href":"https:\/\/elinformanteperu.com\/index.php\/wp-json\/wp\/v2\/posts\/119044\/revisions\/119046"}],"wp:featuredmedia":[{"embeddable":true,"href":"https:\/\/elinformanteperu.com\/index.php\/wp-json\/wp\/v2\/media\/119045"}],"wp:attachment":[{"href":"https:\/\/elinformanteperu.com\/index.php\/wp-json\/wp\/v2\/media?parent=119044"}],"wp:term":[{"taxonomy":"category","embeddable":true,"href":"https:\/\/elinformanteperu.com\/index.php\/wp-json\/wp\/v2\/categories?post=119044"},{"taxonomy":"post_tag","embeddable":true,"href":"https:\/\/elinformanteperu.com\/index.php\/wp-json\/wp\/v2\/tags?post=119044"}],"curies":[{"name":"wp","href":"https:\/\/api.w.org\/{rel}","templated":true}]}}