{"id":119038,"date":"2024-01-28T22:07:53","date_gmt":"2024-01-29T03:07:53","guid":{"rendered":"https:\/\/elinformanteperu.com\/?p=119038"},"modified":"2024-01-28T22:07:53","modified_gmt":"2024-01-29T03:07:53","slug":"luis-tejada-muerte-del-historico-goleador-panameno-conmociona-al-mundo-del-futbol","status":"publish","type":"post","link":"https:\/\/elinformanteperu.com\/index.php\/2024\/01\/28\/luis-tejada-muerte-del-historico-goleador-panameno-conmociona-al-mundo-del-futbol\/","title":{"rendered":"Luis Tejada: Muerte del hist\u00f3rico goleador paname\u00f1o conmociona al mundo del f\u00fatbol"},"content":{"rendered":"<p><strong><span style=\"color: #000000;\">Conocido como el \u00abmatador\u00bb o el \u00abpana\u00bb falleci\u00f3 de un ataque al coraz\u00f3n miestras jugaba con amigos<\/span><\/strong><\/p>\n<p><span style=\"color: #000000;\"><strong>Ciudad de Panam\u00e1, 28 enero 2023, (ANDINA).-<\/strong> La muerte del hist\u00f3rico goleador paname\u00f1o y mundialista en Rusia 2018 Luis \u00abMatador\u00bb Tejada, quien falleci\u00f3 este domingo a los 41 a\u00f1os, por un posible infarto mientras jugaba una liga de f\u00fatbol de veteranos, caus\u00f3 hondo pesar en el f\u00fatbol de Centroam\u00e9rica y en el Per\u00fa, donde fue \u00eddolo en Juan Aurich y Universitario.<\/span><\/p>\n<p><span style=\"color: #000000;\">\u00abFue un paro card\u00edaco. El pidi\u00f3 cambi\u00f3 y sali\u00f3 del partido. Fuera de la cancha se desmay\u00f3 y fue trasladado en ambulancia a la policl\u00ednica de Santa Librada (en la periferia de Ciudad de Panam\u00e1), en donde lo dictaminaron muerto\u00bb, le confirm\u00f3 a la Agencia EFE una fuente cercana al jugador mientras se trasladaba al centro hospitalario.<\/span><\/p>\n<p><span style=\"color: #000000;\">\u00abMatador\u00bb, como era conocido Luis Tejada, se manten\u00eda activo en el mundo del f\u00fatbol a pesar de estar retirado profesionalmente desde el 2019, como varios ex jugadores. En la actualidad participaba en una liga de veteranos mayores de 40 a\u00f1os.<\/span><\/p>\n<p><span style=\"color: #000000;\">Tejada, quien se retir\u00f3 de la selecci\u00f3n en mayo de 2019, fue un jugador internacional con la selecci\u00f3n de f\u00fatbol de Panam\u00e1 en 108 ocasiones y marc\u00f3 43 goles.<\/span><\/p>\n<p><span style=\"color: #000000;\">Esos 43 tantos lo mantienen, junto a Blas P\u00e9rez, como el m\u00e1ximo goleador de la roja centroamericana.<\/span><\/p>\n<p><span style=\"color: #000000;\">Con la selecci\u00f3n sum\u00f3 premios individuales como goleador en la Copa Oro (tres tantos) y jugador m\u00e1s valioso en el torneo que Panam\u00e1 finaliz\u00f3 subcampe\u00f3n.<\/span><\/p>\n<p><span style=\"color: #000000;\">Era recordado por la chilena contra M\u00e9xico el 30 de marzo de 2005 en un partido de eliminatorias hacia el Mundial de Alemania 2006, pero su m\u00e1s reciente aporte a la selecci\u00f3n paname\u00f1a fue su pase a Rom\u00e1n Torres, el 10 de octubre de 2017, para que anotara el gol de la clasificaci\u00f3n a Rusia 2018.<\/span><\/p>\n<p><strong><span style=\"color: #000000;\">Per\u00fa, su otro hogar<\/span><\/strong><\/p>\n<p><span style=\"color: #000000;\">A nivel internacional, el \u00abPana\u00bb brill\u00f3 en su paso por el f\u00fatbol peruano al jugar con el Juan Aurich, Universitario de Per\u00fa, Sports Boys y Pirata FC.<\/span><\/p>\n<p><span style=\"color: #000000;\">Justamente con el Aurich fue campe\u00f3n de la primera divisi\u00f3n en Per\u00fa en 2011 y ese mismo a\u00f1o fue m\u00e1ximo artillero (17 goles) y en el 2016 hizo el equipo todo estrellas del campeonato descentralizado.<\/span><\/p>\n<p><span style=\"color: #000000;\">Tejada tambi\u00e9n milit\u00f3 en los clubes mexicanos Toluca y Tiburones Rojos de M\u00e9xico. En Colombia jug\u00f3 en Envigado, Am\u00e9rica de Cali, Once Caldas, Millonarios, Al Ain de Emiratos \u00c1rabes y en Panam\u00e1 finaliz\u00f3 su carrera con Plaza Amador, Herrera F.C. y Club Deportivo Universitario.<\/span><\/p>\n<blockquote class=\"twitter-tweet\">\n<p dir=\"ltr\" lang=\"es\">El Club Universitario de Deportes lamenta el sensible fallecimiento de Luis Tejada Hansell, ex futbolista paname\u00f1o que visti\u00f3 la camiseta crema en la temporada 2017.<\/p>\n<p>Expresamos nuestras condolencias a sus familiares y amigos.<\/p>\n<p>\u00a1Descansa en paz, \u00abPana\u00bb! \ud83d\udd4a\ufe0f\ud83c\uddf5\ud83c\udde6\u26bd <a href=\"https:\/\/t.co\/NDTCwuXPFf\">pic.twitter.com\/NDTCwuXPFf<\/a><\/p>\n<p>\u2014 Universitario (@Universitario) <a href=\"https:\/\/twitter.com\/Universitario\/status\/1751696384367984863?ref_src=twsrc%5Etfw\">January 28, 2024<\/a><\/p><\/blockquote>\n<p><script async src=\"https:\/\/platform.twitter.com\/widgets.js\" charset=\"utf-8\"><\/script><\/p>\n","protected":false},"excerpt":{"rendered":"<p>Conocido como el \u00abmatador\u00bb o el \u00abpana\u00bb falleci\u00f3 de un ataque al coraz\u00f3n miestras jugaba con amigos Ciudad de Panam\u00e1, 28 enero 2023, (ANDINA).- La muerte del hist\u00f3rico goleador paname\u00f1o y mundialista en Rusia 2018 Luis \u00abMatador\u00bb Tejada, quien falleci\u00f3 este domingo a los 41 a\u00f1os, por un posible infarto mientras jugaba una liga de [&hellip;]<\/p>\n","protected":false},"author":1,"featured_media":119039,"comment_status":"closed","ping_status":"closed","sticky":false,"template":"","format":"standard","meta":{"rop_custom_images_group":[],"rop_custom_messages_group":[],"rop_publish_now":"initial","rop_publish_now_accounts":[],"rop_publish_now_history":[],"rop_publish_now_status":"pending","footnotes":""},"categories":[8],"tags":[751,329,144],"class_list":["post-119038","post","type-post","status-publish","format-standard","has-post-thumbnail","hentry","category-disciplinas-deportivas","tag-luis-tejada","tag-sport-boys","tag-universitario-de-deportes"],"_links":{"self":[{"href":"https:\/\/elinformanteperu.com\/index.php\/wp-json\/wp\/v2\/posts\/119038","targetHints":{"allow":["GET"]}}],"collection":[{"href":"https:\/\/elinformanteperu.com\/index.php\/wp-json\/wp\/v2\/posts"}],"about":[{"href":"https:\/\/elinformanteperu.com\/index.php\/wp-json\/wp\/v2\/types\/post"}],"author":[{"embeddable":true,"href":"https:\/\/elinformanteperu.com\/index.php\/wp-json\/wp\/v2\/users\/1"}],"replies":[{"embeddable":true,"href":"https:\/\/elinformanteperu.com\/index.php\/wp-json\/wp\/v2\/comments?post=119038"}],"version-history":[{"count":1,"href":"https:\/\/elinformanteperu.com\/index.php\/wp-json\/wp\/v2\/posts\/119038\/revisions"}],"predecessor-version":[{"id":119040,"href":"https:\/\/elinformanteperu.com\/index.php\/wp-json\/wp\/v2\/posts\/119038\/revisions\/119040"}],"wp:featuredmedia":[{"embeddable":true,"href":"https:\/\/elinformanteperu.com\/index.php\/wp-json\/wp\/v2\/media\/119039"}],"wp:attachment":[{"href":"https:\/\/elinformanteperu.com\/index.php\/wp-json\/wp\/v2\/media?parent=119038"}],"wp:term":[{"taxonomy":"category","embeddable":true,"href":"https:\/\/elinformanteperu.com\/index.php\/wp-json\/wp\/v2\/categories?post=119038"},{"taxonomy":"post_tag","embeddable":true,"href":"https:\/\/elinformanteperu.com\/index.php\/wp-json\/wp\/v2\/tags?post=119038"}],"curies":[{"name":"wp","href":"https:\/\/api.w.org\/{rel}","templated":true}]}}