{"id":118643,"date":"2023-11-06T12:37:32","date_gmt":"2023-11-06T17:37:32","guid":{"rendered":"https:\/\/elinformanteperu.com\/?p=118643"},"modified":"2023-11-06T12:37:32","modified_gmt":"2023-11-06T17:37:32","slug":"ministerio-de-cultura-el-exito-de-ivan-cruz-alcanzo-gran-parte-de-latinoamerica","status":"publish","type":"post","link":"https:\/\/elinformanteperu.com\/index.php\/2023\/11\/06\/ministerio-de-cultura-el-exito-de-ivan-cruz-alcanzo-gran-parte-de-latinoamerica\/","title":{"rendered":"Ministerio de Cultura: El \u00e9xito de Iv\u00e1n Cruz alcanz\u00f3 gran parte de Latinoam\u00e9rica"},"content":{"rendered":"<p><span style=\"color: #000000;\"><strong>Lima, 06 Noviembre 2023, (ANDINA).-<\/strong> El cantante peruano Iv\u00e1n Cruz, conocido en su pa\u00eds como \u00abel rey de los boleros\u00bb, muri\u00f3 este lunes en Lima a los 77 a\u00f1os de edad, inform\u00f3 el Ministerio de Cultura.<\/span><\/p>\n<p><span style=\"color: #000000;\">\u00abLamentamos informar el sensible fallecimiento de Iv\u00e1n Cruz, reconocido bolerista peruano, cuyo \u00e9xito alcanz\u00f3 gran parte de Latinoam\u00e9rica\u00bb, se\u00f1al\u00f3 Cultura en un mensaje publicado en su cuenta en la red social X (antes Twitter).<\/span><\/p>\n<p><span style=\"color: #000000;\">El ministerio envi\u00f3 sus \u00abcondolencias a sus familiares, seguidores y amigos\u00bb de V\u00edctor Francisco de la Cruz D\u00e1vila, el nombre completo del artista, quien naci\u00f3 en 1946 en la provincia portuaria lime\u00f1a del Callao.<\/span><\/p>\n<p><span style=\"color: #000000;\">A lo largo de su carrera, de m\u00e1s de cuatro d\u00e9cadas, el cantante y compositor peruano gan\u00f3 reconocimiento en varios pa\u00edses de la regi\u00f3n con canciones como \u00abMe dices que te vas\u00bb, \u00abVagabundo\u00bb, \u00abAjena\u00bb, \u00abBrindo\u00bb y \u00abYo le doy gracias a Dios\u00bb.<\/span><\/p>\n<p><iframe title=\"YouTube video player\" src=\"https:\/\/www.youtube-nocookie.com\/embed\/BAB3tygQfaY?si=7VxuY7rNPiyO8tYi&amp;controls=0\" width=\"520\" height=\"315\" frameborder=\"0\" allowfullscreen=\"allowfullscreen\"><span data-mce-type=\"bookmark\" style=\"display: inline-block; width: 0px; overflow: hidden; line-height: 0;\" class=\"mce_SELRES_start\">\ufeff<\/span><\/iframe><\/p>\n","protected":false},"excerpt":{"rendered":"<p>Lima, 06 Noviembre 2023, (ANDINA).- El cantante peruano Iv\u00e1n Cruz, conocido en su pa\u00eds como \u00abel rey de los boleros\u00bb, muri\u00f3 este lunes en Lima a los 77 a\u00f1os de edad, inform\u00f3 el Ministerio de Cultura. \u00abLamentamos informar el sensible fallecimiento de Iv\u00e1n Cruz, reconocido bolerista peruano, cuyo \u00e9xito alcanz\u00f3 gran parte de Latinoam\u00e9rica\u00bb, se\u00f1al\u00f3 [&hellip;]<\/p>\n","protected":false},"author":1,"featured_media":118644,"comment_status":"closed","ping_status":"closed","sticky":false,"template":"","format":"standard","meta":{"rop_custom_images_group":[],"rop_custom_messages_group":[],"rop_publish_now":"initial","rop_publish_now_accounts":[],"rop_publish_now_history":[],"rop_publish_now_status":"pending","footnotes":""},"categories":[69],"tags":[3839],"class_list":["post-118643","post","type-post","status-publish","format-standard","has-post-thumbnail","hentry","category-musica","tag-ivan-cruz"],"_links":{"self":[{"href":"https:\/\/elinformanteperu.com\/index.php\/wp-json\/wp\/v2\/posts\/118643","targetHints":{"allow":["GET"]}}],"collection":[{"href":"https:\/\/elinformanteperu.com\/index.php\/wp-json\/wp\/v2\/posts"}],"about":[{"href":"https:\/\/elinformanteperu.com\/index.php\/wp-json\/wp\/v2\/types\/post"}],"author":[{"embeddable":true,"href":"https:\/\/elinformanteperu.com\/index.php\/wp-json\/wp\/v2\/users\/1"}],"replies":[{"embeddable":true,"href":"https:\/\/elinformanteperu.com\/index.php\/wp-json\/wp\/v2\/comments?post=118643"}],"version-history":[{"count":1,"href":"https:\/\/elinformanteperu.com\/index.php\/wp-json\/wp\/v2\/posts\/118643\/revisions"}],"predecessor-version":[{"id":118645,"href":"https:\/\/elinformanteperu.com\/index.php\/wp-json\/wp\/v2\/posts\/118643\/revisions\/118645"}],"wp:featuredmedia":[{"embeddable":true,"href":"https:\/\/elinformanteperu.com\/index.php\/wp-json\/wp\/v2\/media\/118644"}],"wp:attachment":[{"href":"https:\/\/elinformanteperu.com\/index.php\/wp-json\/wp\/v2\/media?parent=118643"}],"wp:term":[{"taxonomy":"category","embeddable":true,"href":"https:\/\/elinformanteperu.com\/index.php\/wp-json\/wp\/v2\/categories?post=118643"},{"taxonomy":"post_tag","embeddable":true,"href":"https:\/\/elinformanteperu.com\/index.php\/wp-json\/wp\/v2\/tags?post=118643"}],"curies":[{"name":"wp","href":"https:\/\/api.w.org\/{rel}","templated":true}]}}