{"id":118554,"date":"2023-10-30T12:22:52","date_gmt":"2023-10-30T17:22:52","guid":{"rendered":"https:\/\/elinformanteperu.com\/?p=118554"},"modified":"2023-10-30T12:22:52","modified_gmt":"2023-10-30T17:22:52","slug":"fap-reporta-desaparicion-de-aeronave-con-dos-tripulantes-en-ucayali","status":"publish","type":"post","link":"https:\/\/elinformanteperu.com\/index.php\/2023\/10\/30\/fap-reporta-desaparicion-de-aeronave-con-dos-tripulantes-en-ucayali\/","title":{"rendered":"FAP reporta desaparici\u00f3n de aeronave con dos tripulantes en Ucayali"},"content":{"rendered":"<p><span style=\"color: #000000;\"><strong>Lima, 30 Octubre 2023, (ANDINA).-<\/strong> La Fuerza A\u00e9rea del Per\u00fa (FAP) confirm\u00f3 que una aeronave desapareci\u00f3 este domingo en Ucayali, por lo que se encuentra llevando a cabo las acciones de b\u00fasqueda y rescate en esta parte del pa\u00eds.<\/span><\/p>\n<p><span style=\"color: #000000;\">El instituto armado se\u00f1al\u00f3, a trav\u00e9s de un comunicado, que recibi\u00f3 el reporte de la Corporaci\u00f3n Peruana de Aeropuertos y Aviaci\u00f3n Comercial (Corpac) sobre la p\u00e9rdida de la unidad Pilatus Porter PC-6 de matr\u00edcula OB-1600 de la empresa AeroAndino.<\/span><\/p>\n<p><span style=\"color: #000000;\">La aeronave despeg\u00f3 a las 10:00 horas del Aeropuerto de Pucallpa y se dirig\u00eda al Aer\u00f3dromo de Puerto Breu, en la misma regi\u00f3n, con dos tripulantes a bordo y transportando carga.<\/span><\/p>\n<p><span style=\"color: #000000;\">Tras reportarse su desaparici\u00f3n, la FAP precisa que activ\u00f3 inmediatamente su sistema de b\u00fasqueda y rescate, el cual lidera.<\/span><\/p>\n<p><span style=\"color: #000000;\">Sin embargo, precisan que las malas condiciones meteorol\u00f3gicas en el r\u00edo Yur\u00faa, ruta del rescate, han impedido que su personal pueda llegar hasta la zona del accidente y efectuar dichas acciones.<\/span><\/p>\n<p><span style=\"color: #000000;\">\u201cLa Fuerza A\u00e9rea del Per\u00fa continuar\u00e1 con todo el esfuerzo para la b\u00fasqueda y rescate de la tripulaci\u00f3n de la aeronave apenas mejoren las condiciones meteorol\u00f3gicas\u201d, concluye el comunicado.<\/span><\/p>\n","protected":false},"excerpt":{"rendered":"<p>Lima, 30 Octubre 2023, (ANDINA).- La Fuerza A\u00e9rea del Per\u00fa (FAP) confirm\u00f3 que una aeronave desapareci\u00f3 este domingo en Ucayali, por lo que se encuentra llevando a cabo las acciones de b\u00fasqueda y rescate en esta parte del pa\u00eds. El instituto armado se\u00f1al\u00f3, a trav\u00e9s de un comunicado, que recibi\u00f3 el reporte de la Corporaci\u00f3n [&hellip;]<\/p>\n","protected":false},"author":1,"featured_media":118555,"comment_status":"closed","ping_status":"closed","sticky":false,"template":"","format":"standard","meta":{"rop_custom_images_group":[],"rop_custom_messages_group":[],"rop_publish_now":"initial","rop_publish_now_accounts":[],"rop_publish_now_history":[],"rop_publish_now_status":"pending","footnotes":""},"categories":[5],"tags":[1944,1945],"class_list":["post-118554","post","type-post","status-publish","format-standard","has-post-thumbnail","hentry","category-actualidad-informativa","tag-fap","tag-fuerza-aerea-del-peru"],"_links":{"self":[{"href":"https:\/\/elinformanteperu.com\/index.php\/wp-json\/wp\/v2\/posts\/118554","targetHints":{"allow":["GET"]}}],"collection":[{"href":"https:\/\/elinformanteperu.com\/index.php\/wp-json\/wp\/v2\/posts"}],"about":[{"href":"https:\/\/elinformanteperu.com\/index.php\/wp-json\/wp\/v2\/types\/post"}],"author":[{"embeddable":true,"href":"https:\/\/elinformanteperu.com\/index.php\/wp-json\/wp\/v2\/users\/1"}],"replies":[{"embeddable":true,"href":"https:\/\/elinformanteperu.com\/index.php\/wp-json\/wp\/v2\/comments?post=118554"}],"version-history":[{"count":1,"href":"https:\/\/elinformanteperu.com\/index.php\/wp-json\/wp\/v2\/posts\/118554\/revisions"}],"predecessor-version":[{"id":118556,"href":"https:\/\/elinformanteperu.com\/index.php\/wp-json\/wp\/v2\/posts\/118554\/revisions\/118556"}],"wp:featuredmedia":[{"embeddable":true,"href":"https:\/\/elinformanteperu.com\/index.php\/wp-json\/wp\/v2\/media\/118555"}],"wp:attachment":[{"href":"https:\/\/elinformanteperu.com\/index.php\/wp-json\/wp\/v2\/media?parent=118554"}],"wp:term":[{"taxonomy":"category","embeddable":true,"href":"https:\/\/elinformanteperu.com\/index.php\/wp-json\/wp\/v2\/categories?post=118554"},{"taxonomy":"post_tag","embeddable":true,"href":"https:\/\/elinformanteperu.com\/index.php\/wp-json\/wp\/v2\/tags?post=118554"}],"curies":[{"name":"wp","href":"https:\/\/api.w.org\/{rel}","templated":true}]}}