{"id":118545,"date":"2023-10-30T12:02:26","date_gmt":"2023-10-30T17:02:26","guid":{"rendered":"https:\/\/elinformanteperu.com\/?p=118545"},"modified":"2023-10-30T12:04:07","modified_gmt":"2023-10-30T17:04:07","slug":"el-martes-31-y-el-jueves-2-no-son-feriados-ni-dias-no-laborables","status":"publish","type":"post","link":"https:\/\/elinformanteperu.com\/index.php\/2023\/10\/30\/el-martes-31-y-el-jueves-2-no-son-feriados-ni-dias-no-laborables\/","title":{"rendered":"El martes 31 y el jueves 2 no son feriados ni d\u00edas no laborables"},"content":{"rendered":"<p><strong><span style=\"color: #000000;\">En cambio el mi\u00e9rcoles 1 de noviembre s\u00ed es feriado calendario por D\u00eda de todos los Santos<\/span><\/strong><\/p>\n<p><span style=\"color: #000000;\"><strong>Lima, 30 Octubre 2023, (ANDINA).-<\/strong> El pr\u00f3ximo mi\u00e9rcoles 1 noviembre ser\u00e1 feriado nacional por el D\u00eda de todos los Santos, por ello, te contaremos a continuaci\u00f3n, por qu\u00e9 es importante esta fecha y cu\u00e1nto te tocar\u00e1 recibir si decides laborar en este d\u00eda.<\/span><\/p>\n<p><strong><span style=\"color: #000000;\">\u00bfQu\u00e9 se celebra en esta fecha?<\/span><\/strong><\/p>\n<p><span style=\"color: #000000;\">Esta fecha honra a los difuntos, a quienes sus familiares les ofrecen -con mucha tradici\u00f3n y devoci\u00f3n- rituales religiosos, visitas a sus tumbas, ofrendas, coronas, agua bendita, cantos y diversas acciones que les gustaron en vida.<\/span><\/p>\n<p><strong><span style=\"color: #000000;\">\u00bfCu\u00e1nto me deben pagar?<\/span><\/strong><\/p>\n<p><span style=\"color: #000000;\">Si un trabajador labora en d\u00eda feriado y no tiene d\u00eda de descanso sustitutorio, deber\u00e1 recibir tres pagos:<\/span><\/p>\n<p><span style=\"color: #000000;\"><strong>1.<\/strong> La remuneraci\u00f3n correspondiente al d\u00eda feriado (ya incluida en la remuneraci\u00f3n mensual).<\/span><\/p>\n<p><span style=\"color: #000000;\"><strong>2.<\/strong> La remuneraci\u00f3n correspondiente a la labor efectuada.<\/span><\/p>\n<p><span style=\"color: #000000;\"><strong>3.<\/strong> Un monto adicional que equivale a una sobretasa del 100 % de la remuneraci\u00f3n correspondiente a la labor efectuada.<\/span><\/p>\n<p><strong><span style=\"color: #000000;\">\u00bfHay feriado largo desde el 31 de octubre?<\/span><\/strong><\/p>\n<p><span style=\"color: #000000;\">De acuerdo con el Decreto Supremo N\u00ba 151-2022-PCM y el Decreto Legislativo N.\u00b0 713 el 31 de octubre no es feriado ni d\u00eda no laborable. Tampoco lo ser\u00e1 el jueves 2 de noviembre. Es decir, los trabajadores solo contar\u00e1n con un d\u00eda libre: el mi\u00e9rcoles 1 de noviembre.<\/span><\/p>\n<p><strong><span style=\"color: #000000;\">Diferencias entre un feriado y un d\u00eda no laborable<\/span><\/strong><\/p>\n<p><span style=\"color: #000000;\">En d\u00edas feriados, el trabajador debe descansar y percibir su remuneraci\u00f3n habitual. Sin embargo, aquellos que acuerden trabajar estos d\u00edas, sin descanso sustitutorio posterior, tienen derecho a percibir triple pago.<\/span><\/p>\n<p><span style=\"color: #000000;\">En el caso de los d\u00edas no laborables, es aplicable para los trabajadores del sector p\u00fablico. Este d\u00eda es considerado h\u00e1bil, y a diferencia de un feriado, las horas dejadas de laborar deben compensarse en los diez d\u00edas inmediatos posteriores, o en la oportunidad que establezca el titular de cada entidad p\u00fablica, en funci\u00f3n a sus propias necesidades.<\/span><\/p>\n<p><span style=\"color: #000000;\">Trat\u00e1ndose del sector privado, cuyo acogimiento a esos d\u00edas no laborables es voluntario, corresponder\u00e1 al empleador y los trabajadores fijar de com\u00fan acuerdo la forma como se har\u00e1 efectiva la recuperaci\u00f3n de las horas dejadas de laborar, considerando que a falta de acuerdo decidir\u00e1 el empleador.<\/span><\/p>\n","protected":false},"excerpt":{"rendered":"<p>En cambio el mi\u00e9rcoles 1 de noviembre s\u00ed es feriado calendario por D\u00eda de todos los Santos Lima, 30 Octubre 2023, (ANDINA).- El pr\u00f3ximo mi\u00e9rcoles 1 noviembre ser\u00e1 feriado nacional por el D\u00eda de todos los Santos, por ello, te contaremos a continuaci\u00f3n, por qu\u00e9 es importante esta fecha y cu\u00e1nto te tocar\u00e1 recibir si [&hellip;]<\/p>\n","protected":false},"author":1,"featured_media":3868,"comment_status":"closed","ping_status":"closed","sticky":false,"template":"","format":"standard","meta":{"rop_custom_images_group":[],"rop_custom_messages_group":[],"rop_publish_now":"initial","rop_publish_now_accounts":[],"rop_publish_now_history":[],"rop_publish_now_status":"pending","footnotes":""},"categories":[10,5746,5745,21],"tags":[758],"class_list":["post-118545","post","type-post","status-publish","format-standard","has-post-thumbnail","hentry","category-actualidad-municipal","category-foto-noticias","category-lo-ultimo","category-orientacion","tag-feriados"],"_links":{"self":[{"href":"https:\/\/elinformanteperu.com\/index.php\/wp-json\/wp\/v2\/posts\/118545","targetHints":{"allow":["GET"]}}],"collection":[{"href":"https:\/\/elinformanteperu.com\/index.php\/wp-json\/wp\/v2\/posts"}],"about":[{"href":"https:\/\/elinformanteperu.com\/index.php\/wp-json\/wp\/v2\/types\/post"}],"author":[{"embeddable":true,"href":"https:\/\/elinformanteperu.com\/index.php\/wp-json\/wp\/v2\/users\/1"}],"replies":[{"embeddable":true,"href":"https:\/\/elinformanteperu.com\/index.php\/wp-json\/wp\/v2\/comments?post=118545"}],"version-history":[{"count":3,"href":"https:\/\/elinformanteperu.com\/index.php\/wp-json\/wp\/v2\/posts\/118545\/revisions"}],"predecessor-version":[{"id":118548,"href":"https:\/\/elinformanteperu.com\/index.php\/wp-json\/wp\/v2\/posts\/118545\/revisions\/118548"}],"wp:featuredmedia":[{"embeddable":true,"href":"https:\/\/elinformanteperu.com\/index.php\/wp-json\/wp\/v2\/media\/3868"}],"wp:attachment":[{"href":"https:\/\/elinformanteperu.com\/index.php\/wp-json\/wp\/v2\/media?parent=118545"}],"wp:term":[{"taxonomy":"category","embeddable":true,"href":"https:\/\/elinformanteperu.com\/index.php\/wp-json\/wp\/v2\/categories?post=118545"},{"taxonomy":"post_tag","embeddable":true,"href":"https:\/\/elinformanteperu.com\/index.php\/wp-json\/wp\/v2\/tags?post=118545"}],"curies":[{"name":"wp","href":"https:\/\/api.w.org\/{rel}","templated":true}]}}