{"id":118543,"date":"2023-10-30T11:24:29","date_gmt":"2023-10-30T16:24:29","guid":{"rendered":"https:\/\/elinformanteperu.com\/?p=118543"},"modified":"2023-10-30T11:24:29","modified_gmt":"2023-10-30T16:24:29","slug":"corte-de-agua-en-el-callao-conoce-cuando-sera-y-en-que-distritos","status":"publish","type":"post","link":"https:\/\/elinformanteperu.com\/index.php\/2023\/10\/30\/corte-de-agua-en-el-callao-conoce-cuando-sera-y-en-que-distritos\/","title":{"rendered":"Corte de agua en el Callao: conoce cu\u00e1ndo ser\u00e1 y en qu\u00e9 distritos"},"content":{"rendered":"<p><strong><span style=\"color: #000000;\">Suspensi\u00f3n del servicio es por ejecuci\u00f3n de obras de L\u00ednea 2 del Metro<\/span><\/strong><\/p>\n<p><span style=\"color: #000000;\"><strong>Lima, 30 Octubre 2023, (ANDINA).-<\/strong> La Autoridad de Transporte Urbano para Lima y Callao (ATU) anunci\u00f3 que para continuar con la construcci\u00f3n de la L\u00ednea 2 del Metro, el Servicio de Agua Potable y Alcantarillado de Lima (Sedapal) realizar\u00e1 trabajos en la red de distribuci\u00f3n de agua potable en la provincia constitucional del Callao, por lo que este servicio ser\u00e1 suspendido hasta por 18 horas los d\u00edas 4 y 11 de noviembre.<\/span><\/p>\n<p><span style=\"color: #000000;\">La entidad precis\u00f3 que estos trabajos consisten en la ejecuci\u00f3n de empalmes que permitir\u00e1n la liberaci\u00f3n de interferencias (reubicaci\u00f3n de redes de agua y alcantarillado) lo que permitir\u00e1 continuar con la construcci\u00f3n de las estaciones Carmen de la Legua (E-05) y Benavides (E-06).<\/span><\/p>\n<p><span style=\"color: #000000;\">En ese sentido, el s\u00e1bado 4 de noviembre, a la altura del cruce de las avenidas Enrique Meiggs y \u00d3scar R. Benavides, Sedapal ejecutar\u00e1 en simult\u00e1neo dos empalmes de tuber\u00eda, por lo que el corte del servicio de agua potable comenzar\u00e1 a las 10 a. m. y afectar\u00e1 a 41 663 familias de algunas zonas de los distritos de Bellavista, Carmen de la Legua, La Perla y Callao.<\/span><\/p>\n<p><span style=\"color: #000000;\">El s\u00e1bado 11, en la zona donde se construyen las estaciones Carmen de la Legua (E-05) y Benavides (E-06), cerca de la av. Faucett, Sedapal realizar\u00e1 cuatro empalmes de tuber\u00eda, por lo que la interrupci\u00f3n del servicio de agua comenzar\u00e1 a las 10 a. m. y afectar\u00e1 a 79 256 familias de de los distritos de Bellavista, Carmen de la Legua, La Perla, La Punta y Callao.<\/span><\/p>\n<p><span style=\"color: #000000;\">Una vez culminados los trabajos de empalme de tuber\u00edas se proceder\u00e1 con el llenado de las redes primarias y secundarias de agua, lo que permitir\u00e1 el restablecimiento progresivo del servicio entre las 11 p. m. y las 3 a. m. del d\u00eda siguiente.<\/span><\/p>\n<p><span style=\"color: #000000;\">El presidente ejecutivo de la ATU, Jos\u00e9 Aguilar, se\u00f1al\u00f3 que estos trabajos son importantes para permitir que contin\u00faen las obras de la L\u00ednea 2, un sistema de transporte moderno que traer\u00e1 una serie de beneficios y un impacto positivo para los habitantes del Callao.<\/span><\/p>\n<p><strong><span style=\"color: #000000;\">Plan de contingencia para el abastecimiento de agua<\/span><\/strong><\/p>\n<p><span style=\"color: #000000;\">El s\u00e1bado 4, el abastecimiento provisional de agua se realizar\u00e1 mediante la activaci\u00f3n de 11 pozos de emergencia ubicados en diversas zonas de los distritos afectados, adem\u00e1s de 15 camiones cisterna que se encontrar\u00e1n en puntos fijos.<\/span><\/p>\n<p><span style=\"color: #000000;\">Estos son los puntos de abastecimiento de agua potable mediante pozos de emergencia:<\/span><\/p>\n<blockquote class=\"twitter-tweet\">\n<p dir=\"ltr\" lang=\"es\">\ud83d\udccc Este 4 de noviembre, se realizar\u00e1 la interrupci\u00f3n temporal y programada del servicio de agua potable en algunas zonas de cuatro distritos del Callao.<\/p>\n<p>\ud83d\udc49 Estos son los puntos de abastecimiento de agua potable mediante pozos de emergencia durante el d\u00eda de restricci\u00f3n. <a href=\"https:\/\/t.co\/tMCcXFZk5f\">pic.twitter.com\/tMCcXFZk5f<\/a><\/p>\n<p>\u2014 SedapalOficial (@SedapalOficial) <a href=\"https:\/\/twitter.com\/SedapalOficial\/status\/1718411090143445079?ref_src=twsrc%5Etfw\">October 28, 2023<\/a><\/p><\/blockquote>\n<p><script async src=\"https:\/\/platform.twitter.com\/widgets.js\" charset=\"utf-8\"><\/script><\/p>\n<p><span style=\"color: #000000;\">De igual manera, estos son los otros puntos de abastecimiento de agua mediante camiones cisternas:<\/span><\/p>\n<blockquote class=\"twitter-tweet\">\n<p dir=\"ltr\" lang=\"es\">\ud83d\udccc Este 4 de noviembre, se realizar\u00e1 la interrupci\u00f3n temporal y programada del servicio de agua potable en algunas zonas de cuatro distritos del Callao.<\/p>\n<p>\ud83d\udc49 Estos son los puntos de abastecimiento de agua mediante cisternas que estar\u00e1n disponibles para la poblaci\u00f3n chalaca. <a href=\"https:\/\/t.co\/pv2Vd1VtSJ\">pic.twitter.com\/pv2Vd1VtSJ<\/a><\/p>\n<p>\u2014 SedapalOficial (@SedapalOficial) <a href=\"https:\/\/twitter.com\/SedapalOficial\/status\/1718645785938604533?ref_src=twsrc%5Etfw\">October 29, 2023<\/a><\/p><\/blockquote>\n<p><script async src=\"https:\/\/platform.twitter.com\/widgets.js\" charset=\"utf-8\"><\/script><\/p>\n<p><span style=\"color: #000000;\">En cuanto al s\u00e1bado 11, el abastecimiento se realizar\u00e1 mediante la activaci\u00f3n de 13 pozos de emergencia y 35 camiones cisternas. <\/span><\/p>\n<p><span style=\"color: #000000;\">Las estaciones de bomberos, comedores populares y hospitales y centros de salud del Callao afectados ser\u00e1n atendidas con agua potable de manera directa.<\/span><\/p>\n<p><span style=\"color: #000000;\">Beneficios de la L\u00ednea 2 para los chalacos<\/span><\/p>\n<p><span style=\"color: #000000;\">La ATU explic\u00f3 que la liberaci\u00f3n de interferencias es clave para poder entregar las \u00e1reas de concesi\u00f3n al consorcio a cargo de la construcci\u00f3n de la L\u00ednea, a fin de que puede avanzar con las obras de este megaproyecto que mejorar\u00e1 la calidad de vida de miles de chalacos.<\/span><\/p>\n<p><span style=\"color: #000000;\">Entre los beneficios que la L\u00ednea 2 traer\u00e1 se encuentran el ahorro de tiempo y dinero, ya que los chalacos podr\u00e1n trasladarse desde el puerto del Callao hasta la universidad San Marcos en 10 minutos, y hasta el centro de Lima en 15 minutos con un servicio r\u00e1pido, c\u00f3modo y seguro.<\/span><\/p>\n","protected":false},"excerpt":{"rendered":"<p>Suspensi\u00f3n del servicio es por ejecuci\u00f3n de obras de L\u00ednea 2 del Metro Lima, 30 Octubre 2023, (ANDINA).- La Autoridad de Transporte Urbano para Lima y Callao (ATU) anunci\u00f3 que para continuar con la construcci\u00f3n de la L\u00ednea 2 del Metro, el Servicio de Agua Potable y Alcantarillado de Lima (Sedapal) realizar\u00e1 trabajos en la [&hellip;]<\/p>\n","protected":false},"author":1,"featured_media":118104,"comment_status":"closed","ping_status":"closed","sticky":false,"template":"","format":"standard","meta":{"rop_custom_images_group":[],"rop_custom_messages_group":[],"rop_publish_now":"initial","rop_publish_now_accounts":[],"rop_publish_now_history":[],"rop_publish_now_status":"pending","footnotes":""},"categories":[10,5746,5745],"tags":[5422,535,642],"class_list":["post-118543","post","type-post","status-publish","format-standard","has-post-thumbnail","hentry","category-actualidad-municipal","category-foto-noticias","category-lo-ultimo","tag-atu","tag-callao","tag-sedapal"],"_links":{"self":[{"href":"https:\/\/elinformanteperu.com\/index.php\/wp-json\/wp\/v2\/posts\/118543","targetHints":{"allow":["GET"]}}],"collection":[{"href":"https:\/\/elinformanteperu.com\/index.php\/wp-json\/wp\/v2\/posts"}],"about":[{"href":"https:\/\/elinformanteperu.com\/index.php\/wp-json\/wp\/v2\/types\/post"}],"author":[{"embeddable":true,"href":"https:\/\/elinformanteperu.com\/index.php\/wp-json\/wp\/v2\/users\/1"}],"replies":[{"embeddable":true,"href":"https:\/\/elinformanteperu.com\/index.php\/wp-json\/wp\/v2\/comments?post=118543"}],"version-history":[{"count":1,"href":"https:\/\/elinformanteperu.com\/index.php\/wp-json\/wp\/v2\/posts\/118543\/revisions"}],"predecessor-version":[{"id":118544,"href":"https:\/\/elinformanteperu.com\/index.php\/wp-json\/wp\/v2\/posts\/118543\/revisions\/118544"}],"wp:featuredmedia":[{"embeddable":true,"href":"https:\/\/elinformanteperu.com\/index.php\/wp-json\/wp\/v2\/media\/118104"}],"wp:attachment":[{"href":"https:\/\/elinformanteperu.com\/index.php\/wp-json\/wp\/v2\/media?parent=118543"}],"wp:term":[{"taxonomy":"category","embeddable":true,"href":"https:\/\/elinformanteperu.com\/index.php\/wp-json\/wp\/v2\/categories?post=118543"},{"taxonomy":"post_tag","embeddable":true,"href":"https:\/\/elinformanteperu.com\/index.php\/wp-json\/wp\/v2\/tags?post=118543"}],"curies":[{"name":"wp","href":"https:\/\/api.w.org\/{rel}","templated":true}]}}