{"id":118403,"date":"2023-10-22T00:10:45","date_gmt":"2023-10-22T05:10:45","guid":{"rendered":"https:\/\/elinformanteperu.com\/?p=118403"},"modified":"2023-10-22T00:10:45","modified_gmt":"2023-10-22T05:10:45","slug":"encuentran-sin-vida-a-peruana-residente-en-israel-y-a-su-esposo-argentino","status":"publish","type":"post","link":"https:\/\/elinformanteperu.com\/index.php\/2023\/10\/22\/encuentran-sin-vida-a-peruana-residente-en-israel-y-a-su-esposo-argentino\/","title":{"rendered":"Encuentran sin vida a peruana residente en Israel y a su esposo argentino"},"content":{"rendered":"<p><strong><span style=\"color: #000000;\">Canciller\u00eda condena asesinato y expresa condolencias a familiares<\/span><\/strong><\/p>\n<p><span style=\"color: #000000;\"><strong>Lima, 21 Octubre 2023, (ANDINA).-<\/strong> El Ministerio de Relaciones Exteriores inform\u00f3 que la peruana Margit Shnaider y su esposo fueron encontrados sin vida en la zona de conflagraci\u00f3n entre Israel y el grupo terrorista Ham\u00e1s.<\/span><\/p>\n<p><span style=\"color: #000000;\">En ese sentido, en representaci\u00f3n del Gobierno peruano, se expres\u00f3 el \u201cmayor rechazo y repudio\u201d a este asesinato.<\/span><\/p>\n<p><span style=\"color: #000000;\">De igual manera, se transmitieron las condolencias a los familiares y amigos de la v\u00edctima.<\/span><\/p>\n<p><span style=\"color: #000000;\">Mediante sus redes sociales, la Canciller\u00eda peruana comunic\u00f3 el hecho. Shnaider y su c\u00f3nyuge, de nacionalidad argentina, desaparecieron el 7 de octubre y se ignoraba su destino hasta hoy.<\/span><\/p>\n<p><span style=\"color: #000000;\">Ese d\u00eda se inici\u00f3 el ataque de Ham\u00e1s contra Israel, mismo que desencaden\u00f3 el recrudecimiento de un conflicto que ha generado miles de muertos en lo que va del presente mes.<\/span><\/p>\n<p><span style=\"color: #000000;\">Se indica tambi\u00e9n que la embajada peruana en Israel y las misiones diplom\u00e1ticas peruanas en la regi\u00f3n \u201ccontin\u00faan trabajando incansablemente para asistir a la comunidad peruana que pudiera verse afectada\u201d.<\/span><\/p>\n<p><a href=\"https:\/\/elinformanteperu.com\/wp-content\/uploads\/2023\/10\/israel-hamas.jpg\"><img fetchpriority=\"high\" decoding=\"async\" class=\"size-large wp-image-117711 aligncenter\" src=\"https:\/\/elinformanteperu.com\/wp-content\/uploads\/2023\/10\/israel-hamas-1024x683.jpg\" alt=\"\" width=\"615\" height=\"410\" srcset=\"https:\/\/elinformanteperu.com\/wp-content\/uploads\/2023\/10\/israel-hamas-1024x683.jpg 1024w, https:\/\/elinformanteperu.com\/wp-content\/uploads\/2023\/10\/israel-hamas-300x200.jpg 300w, https:\/\/elinformanteperu.com\/wp-content\/uploads\/2023\/10\/israel-hamas-768x512.jpg 768w, https:\/\/elinformanteperu.com\/wp-content\/uploads\/2023\/10\/israel-hamas-1536x1024.jpg 1536w, https:\/\/elinformanteperu.com\/wp-content\/uploads\/2023\/10\/israel-hamas.jpg 1800w\" sizes=\"(max-width: 615px) 100vw, 615px\" \/><\/a><\/p>\n","protected":false},"excerpt":{"rendered":"<p>Canciller\u00eda condena asesinato y expresa condolencias a familiares Lima, 21 Octubre 2023, (ANDINA).- El Ministerio de Relaciones Exteriores inform\u00f3 que la peruana Margit Shnaider y su esposo fueron encontrados sin vida en la zona de conflagraci\u00f3n entre Israel y el grupo terrorista Ham\u00e1s. En ese sentido, en representaci\u00f3n del Gobierno peruano, se expres\u00f3 el \u201cmayor [&hellip;]<\/p>\n","protected":false},"author":1,"featured_media":118404,"comment_status":"closed","ping_status":"closed","sticky":false,"template":"","format":"standard","meta":{"rop_custom_images_group":[],"rop_custom_messages_group":[],"rop_publish_now":"initial","rop_publish_now_accounts":[],"rop_publish_now_history":[],"rop_publish_now_status":"pending","footnotes":""},"categories":[5],"tags":[294,7297,3206],"class_list":["post-118403","post","type-post","status-publish","format-standard","has-post-thumbnail","hentry","category-actualidad-informativa","tag-cancilleria","tag-hamas","tag-israel"],"_links":{"self":[{"href":"https:\/\/elinformanteperu.com\/index.php\/wp-json\/wp\/v2\/posts\/118403","targetHints":{"allow":["GET"]}}],"collection":[{"href":"https:\/\/elinformanteperu.com\/index.php\/wp-json\/wp\/v2\/posts"}],"about":[{"href":"https:\/\/elinformanteperu.com\/index.php\/wp-json\/wp\/v2\/types\/post"}],"author":[{"embeddable":true,"href":"https:\/\/elinformanteperu.com\/index.php\/wp-json\/wp\/v2\/users\/1"}],"replies":[{"embeddable":true,"href":"https:\/\/elinformanteperu.com\/index.php\/wp-json\/wp\/v2\/comments?post=118403"}],"version-history":[{"count":1,"href":"https:\/\/elinformanteperu.com\/index.php\/wp-json\/wp\/v2\/posts\/118403\/revisions"}],"predecessor-version":[{"id":118405,"href":"https:\/\/elinformanteperu.com\/index.php\/wp-json\/wp\/v2\/posts\/118403\/revisions\/118405"}],"wp:featuredmedia":[{"embeddable":true,"href":"https:\/\/elinformanteperu.com\/index.php\/wp-json\/wp\/v2\/media\/118404"}],"wp:attachment":[{"href":"https:\/\/elinformanteperu.com\/index.php\/wp-json\/wp\/v2\/media?parent=118403"}],"wp:term":[{"taxonomy":"category","embeddable":true,"href":"https:\/\/elinformanteperu.com\/index.php\/wp-json\/wp\/v2\/categories?post=118403"},{"taxonomy":"post_tag","embeddable":true,"href":"https:\/\/elinformanteperu.com\/index.php\/wp-json\/wp\/v2\/tags?post=118403"}],"curies":[{"name":"wp","href":"https:\/\/api.w.org\/{rel}","templated":true}]}}