{"id":118401,"date":"2023-10-22T00:07:53","date_gmt":"2023-10-22T05:07:53","guid":{"rendered":"https:\/\/elinformanteperu.com\/?p=118401"},"modified":"2023-10-22T00:07:53","modified_gmt":"2023-10-22T05:07:53","slug":"jnj-proceso-que-desarrolla-el-congreso-es-ilegal-e-inconstitucional","status":"publish","type":"post","link":"https:\/\/elinformanteperu.com\/index.php\/2023\/10\/22\/jnj-proceso-que-desarrolla-el-congreso-es-ilegal-e-inconstitucional\/","title":{"rendered":"JNJ: proceso que desarrolla el Congreso es ilegal e inconstitucional"},"content":{"rendered":"<p><span style=\"color: #000000;\"><strong>Lima, 21 Octubre 2023, (ANDINA).-<\/strong> El vicepresidente de la Junta Nacional de Justicia (JNJ), Aldo V\u00e1squez, afirm\u00f3 que el proceso que desarrolla la Comisi\u00f3n de Justicia del Congreso, que busca la remoci\u00f3n de sus integrantes, es ilegal e inconstitucional.<\/span><\/p>\n<p><span style=\"color: #000000;\">En ese sentido, se expres\u00f3 en contra de la forma en que se aprob\u00f3 el informe final del grupo de trabajo, el mismo que plantea la remoci\u00f3n de los siete integrantes a trav\u00e9s de tres causales.<\/span><\/p>\n<p><span style=\"color: #000000;\">\u00abEse proceso que se ha seguido en el Congreso es ilegal e inconstitucional por ausencia de un procedimiento preestablecido, cosa que se ha confirmado una y otra vez. Ahora, no sabemos cu\u00e1les ser\u00e1n los siguientes pasos, no sabemos si se nos va a dar cuenta a nosotros del informe para ejercer nuestro derecho a la defensa. No hay procedimiento\u00bb, dijo en RPP.<\/span><\/p>\n<p><span style=\"color: #000000;\">Asimismo explic\u00f3 que \u00abno queda claro\u00bb cu\u00e1ntos informes sobre el caso hay, pues primero hubo uno desarrollado por la presidencia de la comisi\u00f3n, luego otro que tuvo una votaci\u00f3n en mayor\u00eda y que \u00abno est\u00e1 redactado\u00bb.<\/span><\/p>\n<p><span style=\"color: #000000;\">Adem\u00e1s, el magistrado se\u00f1al\u00f3 que la aprobaci\u00f3n del informe se dio como una \u00abcircunstancia an\u00f3mala\u00bb que confirm\u00f3 la ilegalidad del procedimiento, que inici\u00f3 el pasado 8 de setiembre.<\/span><\/p>\n<p><span style=\"color: #000000;\">Aldo V\u00e1squez a\u00f1adi\u00f3 que aunque la Constituci\u00f3n establece que es potestad del Congreso remover a los miembros de la Junta Nacional de Justicia, sostiene que esta se puede dar por \u00abcausa grave\u00bb, aunque \u00abnadie puede ser sancionado por una falta que no est\u00e9 debidamente tipificada al momento de su ocurrencia\u00bb.<\/span><\/p>\n","protected":false},"excerpt":{"rendered":"<p>Lima, 21 Octubre 2023, (ANDINA).- El vicepresidente de la Junta Nacional de Justicia (JNJ), Aldo V\u00e1squez, afirm\u00f3 que el proceso que desarrolla la Comisi\u00f3n de Justicia del Congreso, que busca la remoci\u00f3n de sus integrantes, es ilegal e inconstitucional. En ese sentido, se expres\u00f3 en contra de la forma en que se aprob\u00f3 el informe [&hellip;]<\/p>\n","protected":false},"author":1,"featured_media":63193,"comment_status":"closed","ping_status":"closed","sticky":false,"template":"","format":"standard","meta":{"rop_custom_images_group":[],"rop_custom_messages_group":[],"rop_publish_now":"initial","rop_publish_now_accounts":[],"rop_publish_now_history":[],"rop_publish_now_status":"pending","footnotes":""},"categories":[5],"tags":[5186,3693,3573],"class_list":["post-118401","post","type-post","status-publish","format-standard","has-post-thumbnail","hentry","category-actualidad-informativa","tag-aldo-vasquez-rios","tag-jnj","tag-junta-nacional-de-justicia"],"_links":{"self":[{"href":"https:\/\/elinformanteperu.com\/index.php\/wp-json\/wp\/v2\/posts\/118401","targetHints":{"allow":["GET"]}}],"collection":[{"href":"https:\/\/elinformanteperu.com\/index.php\/wp-json\/wp\/v2\/posts"}],"about":[{"href":"https:\/\/elinformanteperu.com\/index.php\/wp-json\/wp\/v2\/types\/post"}],"author":[{"embeddable":true,"href":"https:\/\/elinformanteperu.com\/index.php\/wp-json\/wp\/v2\/users\/1"}],"replies":[{"embeddable":true,"href":"https:\/\/elinformanteperu.com\/index.php\/wp-json\/wp\/v2\/comments?post=118401"}],"version-history":[{"count":1,"href":"https:\/\/elinformanteperu.com\/index.php\/wp-json\/wp\/v2\/posts\/118401\/revisions"}],"predecessor-version":[{"id":118402,"href":"https:\/\/elinformanteperu.com\/index.php\/wp-json\/wp\/v2\/posts\/118401\/revisions\/118402"}],"wp:featuredmedia":[{"embeddable":true,"href":"https:\/\/elinformanteperu.com\/index.php\/wp-json\/wp\/v2\/media\/63193"}],"wp:attachment":[{"href":"https:\/\/elinformanteperu.com\/index.php\/wp-json\/wp\/v2\/media?parent=118401"}],"wp:term":[{"taxonomy":"category","embeddable":true,"href":"https:\/\/elinformanteperu.com\/index.php\/wp-json\/wp\/v2\/categories?post=118401"},{"taxonomy":"post_tag","embeddable":true,"href":"https:\/\/elinformanteperu.com\/index.php\/wp-json\/wp\/v2\/tags?post=118401"}],"curies":[{"name":"wp","href":"https:\/\/api.w.org\/{rel}","templated":true}]}}