{"id":118393,"date":"2023-10-21T23:44:15","date_gmt":"2023-10-22T04:44:15","guid":{"rendered":"https:\/\/elinformanteperu.com\/?p=118393"},"modified":"2023-10-21T23:44:15","modified_gmt":"2023-10-22T04:44:15","slug":"fiscalia-inspecciono-lugares-donde-manifestantes-denunciaron-lesiones","status":"publish","type":"post","link":"https:\/\/elinformanteperu.com\/index.php\/2023\/10\/21\/fiscalia-inspecciono-lugares-donde-manifestantes-denunciaron-lesiones\/","title":{"rendered":"Fiscal\u00eda inspeccion\u00f3 lugares donde manifestantes denunciaron lesiones"},"content":{"rendered":"<p><strong><span style=\"color: #000000;\">En marchas pol\u00edticas registradas el 20 de enero<\/span><\/strong><\/p>\n<p><span style=\"color: #000000;\"><strong>Lima, 21 Octubre 2023, (ANDINA).-<\/strong> El Equipo Especial de Fiscales para Casos con V\u00edctimas durante las Protestas Sociales (Eficavip) realiz\u00f3 una diligencia de inspecci\u00f3n fiscal en los lugares donde se habr\u00edan infringido lesiones a cuatro personas agraviadas, durante las manifestaciones ocurridas el 20 de enero en Cercado de Lima.<\/span><\/p>\n<p><span style=\"color: #000000;\">La acci\u00f3n fiscal consisti\u00f3 en verificar los espacios f\u00edsicos de los hechos. En ella participaron dos de los agraviados junto a sus defensores legales.<\/span><\/p>\n<p><span style=\"color: #000000;\">Un perito forense se encarg\u00f3 de realizar las mediciones destinadas a determinar las ubicaciones desde donde se habr\u00edan efectuado los ataques contra estos manifestantes.<\/span><\/p>\n<p><span style=\"color: #000000;\">Tambi\u00e9n se efectu\u00f3 el recorrido que hicieron las v\u00edctimas el d\u00eda de los sucesos para que se registren capturas fotogr\u00e1ficas y grabaciones de video de las localizaciones exactas que estas han se\u00f1alado como escenario de las lesiones.<\/span><\/p>\n<p><strong><span style=\"color: #000000;\">Materia de la investigaci\u00f3n<\/span><\/strong><\/p>\n<p><span style=\"color: #000000;\">La investigaci\u00f3n comprende la presunta comisi\u00f3n de delitos de lesiones leves, lesiones graves y abuso de autoridad en contra de estas personas.<\/span><\/p>\n<p><span style=\"color: #000000;\">El Ministerio P\u00fablico inform\u00f3 adem\u00e1s que el Eficavip contin\u00faa con las investigaciones destinadas a identificar a los responsables de estos actos.<\/span><\/p>\n<p><a href=\"https:\/\/elinformanteperu.com\/wp-content\/uploads\/2023\/10\/inspecciones-centro-lima1.jpg\"><img fetchpriority=\"high\" decoding=\"async\" class=\"size-full wp-image-118395 aligncenter\" src=\"https:\/\/elinformanteperu.com\/wp-content\/uploads\/2023\/10\/inspecciones-centro-lima1.jpg\" alt=\"\" width=\"500\" height=\"281\" srcset=\"https:\/\/elinformanteperu.com\/wp-content\/uploads\/2023\/10\/inspecciones-centro-lima1.jpg 500w, https:\/\/elinformanteperu.com\/wp-content\/uploads\/2023\/10\/inspecciones-centro-lima1-300x169.jpg 300w\" sizes=\"(max-width: 500px) 100vw, 500px\" \/><\/a><\/p>\n","protected":false},"excerpt":{"rendered":"<p>En marchas pol\u00edticas registradas el 20 de enero Lima, 21 Octubre 2023, (ANDINA).- El Equipo Especial de Fiscales para Casos con V\u00edctimas durante las Protestas Sociales (Eficavip) realiz\u00f3 una diligencia de inspecci\u00f3n fiscal en los lugares donde se habr\u00edan infringido lesiones a cuatro personas agraviadas, durante las manifestaciones ocurridas el 20 de enero en Cercado [&hellip;]<\/p>\n","protected":false},"author":1,"featured_media":118394,"comment_status":"closed","ping_status":"closed","sticky":false,"template":"","format":"standard","meta":{"rop_custom_images_group":[],"rop_custom_messages_group":[],"rop_publish_now":"initial","rop_publish_now_accounts":[],"rop_publish_now_history":[],"rop_publish_now_status":"pending","footnotes":""},"categories":[5],"tags":[1613],"class_list":["post-118393","post","type-post","status-publish","format-standard","has-post-thumbnail","hentry","category-actualidad-informativa","tag-lima"],"_links":{"self":[{"href":"https:\/\/elinformanteperu.com\/index.php\/wp-json\/wp\/v2\/posts\/118393","targetHints":{"allow":["GET"]}}],"collection":[{"href":"https:\/\/elinformanteperu.com\/index.php\/wp-json\/wp\/v2\/posts"}],"about":[{"href":"https:\/\/elinformanteperu.com\/index.php\/wp-json\/wp\/v2\/types\/post"}],"author":[{"embeddable":true,"href":"https:\/\/elinformanteperu.com\/index.php\/wp-json\/wp\/v2\/users\/1"}],"replies":[{"embeddable":true,"href":"https:\/\/elinformanteperu.com\/index.php\/wp-json\/wp\/v2\/comments?post=118393"}],"version-history":[{"count":1,"href":"https:\/\/elinformanteperu.com\/index.php\/wp-json\/wp\/v2\/posts\/118393\/revisions"}],"predecessor-version":[{"id":118396,"href":"https:\/\/elinformanteperu.com\/index.php\/wp-json\/wp\/v2\/posts\/118393\/revisions\/118396"}],"wp:featuredmedia":[{"embeddable":true,"href":"https:\/\/elinformanteperu.com\/index.php\/wp-json\/wp\/v2\/media\/118394"}],"wp:attachment":[{"href":"https:\/\/elinformanteperu.com\/index.php\/wp-json\/wp\/v2\/media?parent=118393"}],"wp:term":[{"taxonomy":"category","embeddable":true,"href":"https:\/\/elinformanteperu.com\/index.php\/wp-json\/wp\/v2\/categories?post=118393"},{"taxonomy":"post_tag","embeddable":true,"href":"https:\/\/elinformanteperu.com\/index.php\/wp-json\/wp\/v2\/tags?post=118393"}],"curies":[{"name":"wp","href":"https:\/\/api.w.org\/{rel}","templated":true}]}}