{"id":118390,"date":"2023-10-21T23:42:34","date_gmt":"2023-10-22T04:42:34","guid":{"rendered":"https:\/\/elinformanteperu.com\/?p=118390"},"modified":"2023-10-21T23:42:34","modified_gmt":"2023-10-22T04:42:34","slug":"ministra-ponce-adoctrinar-ninos-en-ideologias-terroristas-es-un-crimen","status":"publish","type":"post","link":"https:\/\/elinformanteperu.com\/index.php\/2023\/10\/21\/ministra-ponce-adoctrinar-ninos-en-ideologias-terroristas-es-un-crimen\/","title":{"rendered":"Ministra Ponce: adoctrinar ni\u00f1os en ideolog\u00edas terroristas es un crimen"},"content":{"rendered":"<p><span style=\"color: #000000;\"><strong>Lima, 21 Octubre 2023, (ANDINA).-<\/strong> La ministra de Educaci\u00f3n, Miriam Ponce, asegur\u00f3 que adoctrinar a ni\u00f1os y ni\u00f1as en ideolog\u00edas terroristas es un crimen, siendo adem\u00e1s un hecho que reviste la m\u00e1xima gravedad.<\/span><\/p>\n<p><span style=\"color: #000000;\">En tal sentido precis\u00f3 que no se puede permitir \u00abque se deforme el pensamiento de los ni\u00f1os y adolescentes contra los derechos humanos y los valores constitucionales de una sociedad democr\u00e1tica y abierta y el Estado Constitucional\u00bb.<\/span><\/p>\n<p><span style=\"color: #000000;\">\u00abAdoctrinar ni\u00f1os, ni\u00f1as o adolescentes en ideolog\u00edas extremistas y terroristas es un hecho que reviste la m\u00e1xima gravedad. Hasta este momento no tenemos informaci\u00f3n de que hayan involucrados docentes, pero estamos muy atentos para adoptar las medidas que correspondan, si es necesario\u00bb, asegur\u00f3.<\/span><\/p>\n<p><span style=\"color: #000000;\">La titular del sector Educaci\u00f3n record\u00f3 que en el C\u00f3digo Penal se establece que hacer apolog\u00eda del terrorismo es un delito grave, pero si quien comete el delito es autoridad, docente o personal administrativo de una instituci\u00f3n educativa, la pena que se debe imponer oscila entre los seis y diez a\u00f1os de prisi\u00f3n.<\/span><\/p>\n<p><span style=\"color: #000000;\">Por otra parte explic\u00f3 que el Ministerio de Educaci\u00f3n desarrolla permanentemente y a trav\u00e9s de diversas plataformas campa\u00f1as de valores para que los padres de familia, docentes y la comunidad educativa en general se comprometan a proporcionar a las ni\u00f1as, ni\u00f1os y adolescentes una formaci\u00f3n integral de respeto y tolerancia a las diferencias.<\/span><\/p>\n<p><strong><span style=\"color: #000000;\">Dictado de clases<\/span><\/strong><\/p>\n<p><span style=\"color: #000000;\">Asimismo reiter\u00f3 que, en aplicaci\u00f3n de una ley vigente, en los programas de estudio escolares se incorporar\u00e1n contenidos relacionados con la etapa en que la sociedad peruana enfrent\u00f3 el ataque de organizaciones terroristas que pretend\u00edan tomar el poder para imponer un sistema dictatorial. Este aspecto hab\u00eda sido dejado de lado por razones que se desconocen.<\/span><\/p>\n<p><span style=\"color: #000000;\">\u00abLa ni\u00f1ez y juventud deben de tener memoria de nuestra historia reciente\u00bb, detall\u00f3. <\/span><\/p>\n<p><span style=\"color: #000000;\">Advirti\u00f3 que el terrorismo no es un hecho del pasado, este caso horroroso de adoctrinamiento de ni\u00f1os y ni\u00f1as y los ataques que peri\u00f3dicamente ocurren en el Valle de los R\u00edos Apur\u00edmac, Ene y Mantaro (Vraem) \u00abnos hacen ver que el terrorismo sigue siendo una amenaza\u00bb.<\/span><\/p>\n<p><span style=\"color: #000000;\">Por \u00faltimo, la ministra Ponce V\u00e9rtiz se\u00f1al\u00f3 que el fin supremo es el inter\u00e9s superior de los ni\u00f1os y record\u00f3 a los padres su deber de contribuir a formar ciudadanos como lo se\u00f1ala nuestra Constituci\u00f3n.<\/span><\/p>\n<p><span style=\"color: #000000;\">Por ello, paralelamente el Ministerio de Educaci\u00f3n desarrolla un Programa de Formaci\u00f3n Docente relacionado con la salud mental, la convivencia democr\u00e1tica y la importancia de los valores c\u00edvicos y ciudadanos e impulsar\u00e1 una iniciativa nacional que involucre a toda la sociedad.<\/span><\/p>\n","protected":false},"excerpt":{"rendered":"<p>Lima, 21 Octubre 2023, (ANDINA).- La ministra de Educaci\u00f3n, Miriam Ponce, asegur\u00f3 que adoctrinar a ni\u00f1os y ni\u00f1as en ideolog\u00edas terroristas es un crimen, siendo adem\u00e1s un hecho que reviste la m\u00e1xima gravedad. En tal sentido precis\u00f3 que no se puede permitir \u00abque se deforme el pensamiento de los ni\u00f1os y adolescentes contra los derechos [&hellip;]<\/p>\n","protected":false},"author":1,"featured_media":118391,"comment_status":"closed","ping_status":"closed","sticky":false,"template":"","format":"standard","meta":{"rop_custom_images_group":[],"rop_custom_messages_group":[],"rop_publish_now":"initial","rop_publish_now_accounts":[],"rop_publish_now_history":[],"rop_publish_now_status":"pending","footnotes":""},"categories":[5],"tags":[1668,328,7311],"class_list":["post-118390","post","type-post","status-publish","format-standard","has-post-thumbnail","hentry","category-actualidad-informativa","tag-minedu","tag-ministerio-de-de-educacion","tag-miriam-ponce"],"_links":{"self":[{"href":"https:\/\/elinformanteperu.com\/index.php\/wp-json\/wp\/v2\/posts\/118390","targetHints":{"allow":["GET"]}}],"collection":[{"href":"https:\/\/elinformanteperu.com\/index.php\/wp-json\/wp\/v2\/posts"}],"about":[{"href":"https:\/\/elinformanteperu.com\/index.php\/wp-json\/wp\/v2\/types\/post"}],"author":[{"embeddable":true,"href":"https:\/\/elinformanteperu.com\/index.php\/wp-json\/wp\/v2\/users\/1"}],"replies":[{"embeddable":true,"href":"https:\/\/elinformanteperu.com\/index.php\/wp-json\/wp\/v2\/comments?post=118390"}],"version-history":[{"count":1,"href":"https:\/\/elinformanteperu.com\/index.php\/wp-json\/wp\/v2\/posts\/118390\/revisions"}],"predecessor-version":[{"id":118392,"href":"https:\/\/elinformanteperu.com\/index.php\/wp-json\/wp\/v2\/posts\/118390\/revisions\/118392"}],"wp:featuredmedia":[{"embeddable":true,"href":"https:\/\/elinformanteperu.com\/index.php\/wp-json\/wp\/v2\/media\/118391"}],"wp:attachment":[{"href":"https:\/\/elinformanteperu.com\/index.php\/wp-json\/wp\/v2\/media?parent=118390"}],"wp:term":[{"taxonomy":"category","embeddable":true,"href":"https:\/\/elinformanteperu.com\/index.php\/wp-json\/wp\/v2\/categories?post=118390"},{"taxonomy":"post_tag","embeddable":true,"href":"https:\/\/elinformanteperu.com\/index.php\/wp-json\/wp\/v2\/tags?post=118390"}],"curies":[{"name":"wp","href":"https:\/\/api.w.org\/{rel}","templated":true}]}}