{"id":118173,"date":"2023-10-17T12:31:00","date_gmt":"2023-10-17T17:31:00","guid":{"rendered":"https:\/\/elinformanteperu.com\/?p=118173"},"modified":"2023-10-17T12:31:00","modified_gmt":"2023-10-17T17:31:00","slug":"congreso-citan-a-ministro-chavez-para-que-informe-sobre-personal-en-base-aerea-la-joya","status":"publish","type":"post","link":"https:\/\/elinformanteperu.com\/index.php\/2023\/10\/17\/congreso-citan-a-ministro-chavez-para-que-informe-sobre-personal-en-base-aerea-la-joya\/","title":{"rendered":"Congreso: citan a ministro Ch\u00e1vez para que informe sobre personal en Base A\u00e9rea La Joya"},"content":{"rendered":"<p><span style=\"color: #000000;\"><strong>Lima, 17 Octubre 2023, (ANDINA).-<\/strong> La Comisi\u00f3n de Defensa Nacional, Orden Interno, Desarrollo Alternativo y Lucha contra las Drogas, presidida por la parlamentaria Patricia Chirinos Venegas (Avanza Pa\u00eds), cit\u00f3 al ministro de Defensa, Jorge Ch\u00e1vez Cresta, para que informe sobre el personal militar y civil destacado en la Base A\u00e9rea La Joya (Arequipa).<\/span><\/p>\n<p><span style=\"color: #000000;\">Asimismo, respecto de las limitaciones presupuestales del Centro de Mantenimiento Aeron\u00e1utico del Ej\u00e9rcito (CEMAE) para obtener la Certificaci\u00f3n Internacional MI, y ofrecer sus servicios de mantenimiento, reparaci\u00f3n y overhaul de helic\u00f3pteros en el mercado extranjero.<\/span><\/p>\n<p><span style=\"color: #000000;\">De otro lado, la comisi\u00f3n aprob\u00f3, por unanimidad, el proyecto de Resoluci\u00f3n Legislativa N\u00b0 6019\/2023-PE, que con texto sustitutorio propone la resoluci\u00f3n legislativa que autoriza el ingreso de una unidad naval y personal militar extranjero al territorio del Per\u00fa.<\/span><\/p>\n<p><strong><span style=\"color: #000000;\">Exposici\u00f3n<\/span><\/strong><\/p>\n<p><span style=\"color: #000000;\">De otro lado, la congresista Karol Paredes Fonseca (NA), expuso su proyecto de ley N\u00b0 5856\/2023-CR, Ley que modifica la Ley N\u00b0 31638, Ley de Presupuesto del Sector P\u00fablico para el a\u00f1o fiscal 2023, a fin de ampliar el plazo de transferencia financiera a favor de la Comisi\u00f3n Nacional para el Desarrollo y Vida Sin Drogas (Devida).<\/span><\/p>\n<p><span style=\"color: #000000;\">Igualmente, la legisladora Viv\u00edan Olivos Mart\u00ednez (FP), inform\u00f3 sobre su propuesta donde plantea que las regiones policiales son unidades org\u00e1nicas cuya jurisdicci\u00f3n se encuentra constituida por el \u00e1mbito geogr\u00e1fico de un departamento, con excepci\u00f3n de las regiones policiales de Lima, Callao y Lima Provincias.<\/span><\/p>\n<p><span style=\"color: #000000;\">El grupo de trabajo aprob\u00f3, tambi\u00e9n, la propuesta de informe de control de los estados de excepci\u00f3n, Decreto Supremo 105-2023-PCM, que declara el estado de emergencia en San Mart\u00edn de Porres y San Juan de Lurigancho y en los distritos de Sullana, Bellavista, Marcavelica, Salitral, Querecotillo, San Ignacio Escudero y Miguel Checa de la provincia de Sullana (Piura).<\/span><\/p>\n<p><span style=\"color: #000000;\">Tambi\u00e9n, fue aprobada la propuesta de informe de control de los estados de excepci\u00f3n, Decreto Supremo 106-2023-PCM, que pr\u00f3rroga el estado de emergencia en Tumbes; Piura; Cajamarca; Amazonas; Loreto; Madre de Dios y Tacna.<\/span><\/p>\n<p><span style=\"color: #000000;\">Asimismo, el informe sobre el Decreto Supremo 108-2023-PCM, que prorroga el estado de emergencia en los distritos de Tambopata, Inambari, Las Piedras y Laberinto de la Provincia de Tambopata y en los distritos de Madre de Dios y Huepetuhe de la provincia de Manu, en Madre de Dios.<\/span><\/p>\n<p><span style=\"color: #000000;\">Igualmente, la propuesta de informe de control de los estados de excepci\u00f3n, Decreto Supremo 109-2023-PCM, que pr\u00f3rroga el estado de emergencia por el t\u00e9rmino de 60 d\u00edas calendario a partir del 8 de octubre de 2023, en Hu\u00e1nuco; Cerro de Pasco, Ucayali, as\u00ed como pr\u00f3rroga por 60 d\u00edas a partir del 7 de octubre del estado de emergencia en el distrito de Palcazu de la provincia de Oxapampa (Pasco).<\/span><\/p>\n","protected":false},"excerpt":{"rendered":"<p>Lima, 17 Octubre 2023, (ANDINA).- La Comisi\u00f3n de Defensa Nacional, Orden Interno, Desarrollo Alternativo y Lucha contra las Drogas, presidida por la parlamentaria Patricia Chirinos Venegas (Avanza Pa\u00eds), cit\u00f3 al ministro de Defensa, Jorge Ch\u00e1vez Cresta, para que informe sobre el personal militar y civil destacado en la Base A\u00e9rea La Joya (Arequipa). Asimismo, respecto [&hellip;]<\/p>\n","protected":false},"author":1,"featured_media":108877,"comment_status":"closed","ping_status":"closed","sticky":false,"template":"","format":"standard","meta":{"rop_custom_images_group":[],"rop_custom_messages_group":[],"rop_publish_now":"initial","rop_publish_now_accounts":[],"rop_publish_now_history":[],"rop_publish_now_status":"pending","footnotes":""},"categories":[5],"tags":[192,375],"class_list":["post-118173","post","type-post","status-publish","format-standard","has-post-thumbnail","hentry","category-actualidad-informativa","tag-congreso","tag-ministerio-de-defensa"],"_links":{"self":[{"href":"https:\/\/elinformanteperu.com\/index.php\/wp-json\/wp\/v2\/posts\/118173","targetHints":{"allow":["GET"]}}],"collection":[{"href":"https:\/\/elinformanteperu.com\/index.php\/wp-json\/wp\/v2\/posts"}],"about":[{"href":"https:\/\/elinformanteperu.com\/index.php\/wp-json\/wp\/v2\/types\/post"}],"author":[{"embeddable":true,"href":"https:\/\/elinformanteperu.com\/index.php\/wp-json\/wp\/v2\/users\/1"}],"replies":[{"embeddable":true,"href":"https:\/\/elinformanteperu.com\/index.php\/wp-json\/wp\/v2\/comments?post=118173"}],"version-history":[{"count":1,"href":"https:\/\/elinformanteperu.com\/index.php\/wp-json\/wp\/v2\/posts\/118173\/revisions"}],"predecessor-version":[{"id":118174,"href":"https:\/\/elinformanteperu.com\/index.php\/wp-json\/wp\/v2\/posts\/118173\/revisions\/118174"}],"wp:featuredmedia":[{"embeddable":true,"href":"https:\/\/elinformanteperu.com\/index.php\/wp-json\/wp\/v2\/media\/108877"}],"wp:attachment":[{"href":"https:\/\/elinformanteperu.com\/index.php\/wp-json\/wp\/v2\/media?parent=118173"}],"wp:term":[{"taxonomy":"category","embeddable":true,"href":"https:\/\/elinformanteperu.com\/index.php\/wp-json\/wp\/v2\/categories?post=118173"},{"taxonomy":"post_tag","embeddable":true,"href":"https:\/\/elinformanteperu.com\/index.php\/wp-json\/wp\/v2\/tags?post=118173"}],"curies":[{"name":"wp","href":"https:\/\/api.w.org\/{rel}","templated":true}]}}