{"id":118171,"date":"2023-10-17T12:28:39","date_gmt":"2023-10-17T17:28:39","guid":{"rendered":"https:\/\/elinformanteperu.com\/?p=118171"},"modified":"2023-10-17T12:28:39","modified_gmt":"2023-10-17T17:28:39","slug":"congreso-comision-de-etica-aprueba-denunciar-de-oficio-a-congresista-rosselli-amuruz","status":"publish","type":"post","link":"https:\/\/elinformanteperu.com\/index.php\/2023\/10\/17\/congreso-comision-de-etica-aprueba-denunciar-de-oficio-a-congresista-rosselli-amuruz\/","title":{"rendered":"Congreso: Comisi\u00f3n de \u00c9tica aprueba denunciar de oficio a congresista Rosselli Amuruz"},"content":{"rendered":"<p><span style=\"color: #000000;\"><strong>Lima, 17 Octubre 2023, (ANDINA).-<\/strong> La Comisi\u00f3n de \u00c9tica Parlamentaria del Congreso de la Rep\u00fablica aprob\u00f3, por unanimidad, iniciar la denuncia de oficio contra la tercera vicepresidenta del Parlamento, Rosselli Amuruz, por presunta vulneraci\u00f3n a la \u00e9tica parlamentaria<\/span><\/p>\n<p><span style=\"color: #000000;\">En la denuncia presentada se hace menci\u00f3n de la reuni\u00f3n social a la que asisti\u00f3 Amuruz Dulanto el pasado 30 de setiembre, evento que tuvo como desenlace el asesinato del periodista Christian Tirado.<\/span><\/p>\n<p><span style=\"color: #000000;\">En esa l\u00ednea, se se\u00f1ala que la parlamentaria Amuruz habr\u00eda estado involucrada en la organizaci\u00f3n de la reuni\u00f3n en Lince con motivo del cumplea\u00f1os del excongresista Paul Garc\u00eda Oviedo, hecho que ha sido negado por la legisladora.<\/span><\/p>\n<p><span style=\"color: #000000;\">\u00abEsta versi\u00f3n habr\u00eda sido desmentida por una tercera persona. De igual modo, el \u00faltimo fin de semana diversos medios de comunicaci\u00f3n han exhibido declaraciones ante la Fiscal\u00eda de una ex trabajadora de la congresista quien se\u00f1al\u00f3 que Amuruz habr\u00eda estado encargada de la organizaci\u00f3n de la fiesta en menci\u00f3n\u00bb, agrega el documento.<\/span><\/p>\n<p><span style=\"color: #000000;\">Otro hecho considerado ser\u00eda la presunta injerencia de Amuruz, desde que asumi\u00f3 el cargo en la mesa directiva del Congreso, para la contrataci\u00f3n de personas del c\u00edrculo social de Garc\u00eda Oviedo para cubrir puestos en el Parlamento Nacional. Este hecho tambi\u00e9n fue negado por la legisladora.<\/span><\/p>\n<p><span style=\"color: #000000;\">\u00abNo obstante, en las declaraciones para la Fiscal\u00eda de una extrabajadora de la congresista, que fue difundido en medios de comunicaci\u00f3n, tambi\u00e9n se precisa que Garc\u00eda Oviedo tendr\u00eda influencia en las contrataciones realizadas\u00bb, precisa la denuncia.<\/span><\/p>\n<p><span style=\"color: #000000;\">Finalmente, se hace menci\u00f3n de los viajes al exterior que habr\u00eda realizado Amuruz Dulanto junto con Paul Garc\u00eda en las fechas donde correspond\u00eda realizar las actividades de la semana de representaci\u00f3n.<\/span><\/p>\n","protected":false},"excerpt":{"rendered":"<p>Lima, 17 Octubre 2023, (ANDINA).- La Comisi\u00f3n de \u00c9tica Parlamentaria del Congreso de la Rep\u00fablica aprob\u00f3, por unanimidad, iniciar la denuncia de oficio contra la tercera vicepresidenta del Parlamento, Rosselli Amuruz, por presunta vulneraci\u00f3n a la \u00e9tica parlamentaria En la denuncia presentada se hace menci\u00f3n de la reuni\u00f3n social a la que asisti\u00f3 Amuruz Dulanto [&hellip;]<\/p>\n","protected":false},"author":1,"featured_media":117781,"comment_status":"closed","ping_status":"closed","sticky":false,"template":"","format":"standard","meta":{"rop_custom_images_group":[],"rop_custom_messages_group":[],"rop_publish_now":"initial","rop_publish_now_accounts":[],"rop_publish_now_history":[],"rop_publish_now_status":"pending","footnotes":""},"categories":[5],"tags":[192,7288],"class_list":["post-118171","post","type-post","status-publish","format-standard","has-post-thumbnail","hentry","category-actualidad-informativa","tag-congreso","tag-rosselli-amuruz"],"_links":{"self":[{"href":"https:\/\/elinformanteperu.com\/index.php\/wp-json\/wp\/v2\/posts\/118171","targetHints":{"allow":["GET"]}}],"collection":[{"href":"https:\/\/elinformanteperu.com\/index.php\/wp-json\/wp\/v2\/posts"}],"about":[{"href":"https:\/\/elinformanteperu.com\/index.php\/wp-json\/wp\/v2\/types\/post"}],"author":[{"embeddable":true,"href":"https:\/\/elinformanteperu.com\/index.php\/wp-json\/wp\/v2\/users\/1"}],"replies":[{"embeddable":true,"href":"https:\/\/elinformanteperu.com\/index.php\/wp-json\/wp\/v2\/comments?post=118171"}],"version-history":[{"count":1,"href":"https:\/\/elinformanteperu.com\/index.php\/wp-json\/wp\/v2\/posts\/118171\/revisions"}],"predecessor-version":[{"id":118172,"href":"https:\/\/elinformanteperu.com\/index.php\/wp-json\/wp\/v2\/posts\/118171\/revisions\/118172"}],"wp:featuredmedia":[{"embeddable":true,"href":"https:\/\/elinformanteperu.com\/index.php\/wp-json\/wp\/v2\/media\/117781"}],"wp:attachment":[{"href":"https:\/\/elinformanteperu.com\/index.php\/wp-json\/wp\/v2\/media?parent=118171"}],"wp:term":[{"taxonomy":"category","embeddable":true,"href":"https:\/\/elinformanteperu.com\/index.php\/wp-json\/wp\/v2\/categories?post=118171"},{"taxonomy":"post_tag","embeddable":true,"href":"https:\/\/elinformanteperu.com\/index.php\/wp-json\/wp\/v2\/tags?post=118171"}],"curies":[{"name":"wp","href":"https:\/\/api.w.org\/{rel}","templated":true}]}}