{"id":118164,"date":"2023-10-17T12:13:18","date_gmt":"2023-10-17T17:13:18","guid":{"rendered":"https:\/\/elinformanteperu.com\/?p=118164"},"modified":"2023-10-17T12:13:18","modified_gmt":"2023-10-17T17:13:18","slug":"minsa-6-millones-de-perros-callejeros-son-un-factor-de-riesgo-para-nuevos-casos-de-rabia","status":"publish","type":"post","link":"https:\/\/elinformanteperu.com\/index.php\/2023\/10\/17\/minsa-6-millones-de-perros-callejeros-son-un-factor-de-riesgo-para-nuevos-casos-de-rabia\/","title":{"rendered":"Minsa: 6 millones de perros callejeros son un factor de riesgo para nuevos casos de rabia"},"content":{"rendered":"<p><strong><span style=\"color: #000000;\">Viceministro de Salud P\u00fablica inform\u00f3 que ley \u201cCuatro patas\u201d est\u00e1 en proceso de implementaci\u00f3n<\/span><\/strong><\/p>\n<p><span style=\"color: #000000;\"><strong>Lima, 17 Octubre 2023, (ANDINA).-<\/strong> En el Per\u00fa existen 6 millones de perros callejeros, de los cuales, 4 millones se concentran en Lima, los cuales se han convertido en un factor de riesgo para nuevos casos de rabia, alert\u00f3 el viceministro de Salud P\u00fablica del Ministerio de Salud (Minsa), Ricardo Pe\u00f1a S\u00e1nchez.<\/span><\/p>\n<p><span style=\"color: #000000;\">Las estimaciones muestran que existe un problema sanitario en el pa\u00eds que el Ministerio de Salud debe atender, refiri\u00f3 el funcionario.<\/span><\/p>\n<p><span style=\"color: #000000;\">As\u00ed, manifest\u00f3 que la ley \u201cCuatro patas\u201d, como se le conoce a la Ley N\u00b031311, Ley de Priorizaci\u00f3n de Esterilizaci\u00f3n de Perros y Gatos, establece campa\u00f1as de esterilizaci\u00f3n.<\/span><\/p>\n<p><span style=\"color: #000000;\">\u201cLos perros sin due\u00f1os son una importante poblaci\u00f3n que hay que tener en consideraci\u00f3n y concentrarse en su control. La ley \u2018cuatro patas\u2019 establece la esterilizaci\u00f3n sistem\u00e1tica para evitar su reproducci\u00f3n y el incremento de la poblaci\u00f3n canina en la calle\u201d, coment\u00f3 en RPP.<\/span><\/p>\n<p><span style=\"color: #000000;\">La norma se aprob\u00f3 en julio del 2021 y su reglamento, en agosto 2023. Actualmente la norma se encuentra en fase de implementaci\u00f3n, de aprobaci\u00f3n de protocolos quir\u00fargicos, precis\u00f3.<\/span><\/p>\n<p><strong><span style=\"color: #000000;\">Tenencia responsable<\/span><\/strong><\/p>\n<p><span style=\"color: #000000;\">Sin embargo, acot\u00f3 que la labor preventiva del Minsa no quedar\u00e1 all\u00ed, porque las esterilizaciones tambi\u00e9n ir\u00e1n acompa\u00f1adas de actividades de adopci\u00f3n y tenencia responsable.<\/span><\/p>\n<p><span style=\"color: #000000;\">\u201cVamos a propiciar que los animalitos tengan un hogar que los acoja a trav\u00e9s de esta iniciativa. El abordaje ser\u00e1 integral. Nuestro objetivo es acabar con este problema sanitario\u201d, indic\u00f3 el funcionario.<\/span><\/p>\n<p><span style=\"color: #000000;\">Recientemente se conoci\u00f3 la noticia de que una mujer de 54 a\u00f1os fue diagnosticada con rabia humana en la ciudad de Arequipa e internada en el hospital Honorio Delgado Espinoza.<\/span><\/p>\n<p><span style=\"color: #000000;\">La ciudadana que vive en el distrito de Chiguata fue mordida por un perro desconocido el 15 de julio, pero no acudi\u00f3 a ning\u00fan establecimiento de salud. Diversos medios arequipe\u00f1os han se\u00f1alado que existe un gran n\u00famero de perros callejeros en ese departamento.<\/span><\/p>\n<p><span style=\"color: #000000;\">El director del nosocomio, Alexis Urday, inform\u00f3 que hasta ayer domingo 15 de octubre en la ma\u00f1ana la paciente se encontraba estable, sin embargo, por la tarde present\u00f3 problemas respiratorios por lo que los especialistas dispusieron su ingreso a UCI.<\/span><\/p>\n<p><a href=\"https:\/\/elinformanteperu.com\/wp-content\/uploads\/2020\/10\/mascotas-perros.jpg\"><img fetchpriority=\"high\" decoding=\"async\" class=\"size-large wp-image-85279 aligncenter\" src=\"https:\/\/elinformanteperu.com\/wp-content\/uploads\/2020\/10\/mascotas-perros-1024x683.jpg\" alt=\"\" width=\"615\" height=\"410\" srcset=\"https:\/\/elinformanteperu.com\/wp-content\/uploads\/2020\/10\/mascotas-perros-1024x683.jpg 1024w, https:\/\/elinformanteperu.com\/wp-content\/uploads\/2020\/10\/mascotas-perros-300x200.jpg 300w, https:\/\/elinformanteperu.com\/wp-content\/uploads\/2020\/10\/mascotas-perros-768x512.jpg 768w, https:\/\/elinformanteperu.com\/wp-content\/uploads\/2020\/10\/mascotas-perros-1536x1024.jpg 1536w, https:\/\/elinformanteperu.com\/wp-content\/uploads\/2020\/10\/mascotas-perros.jpg 1800w\" sizes=\"(max-width: 615px) 100vw, 615px\" \/><\/a><\/p>\n","protected":false},"excerpt":{"rendered":"<p>Viceministro de Salud P\u00fablica inform\u00f3 que ley \u201cCuatro patas\u201d est\u00e1 en proceso de implementaci\u00f3n Lima, 17 Octubre 2023, (ANDINA).- En el Per\u00fa existen 6 millones de perros callejeros, de los cuales, 4 millones se concentran en Lima, los cuales se han convertido en un factor de riesgo para nuevos casos de rabia, alert\u00f3 el viceministro [&hellip;]<\/p>\n","protected":false},"author":1,"featured_media":118165,"comment_status":"closed","ping_status":"closed","sticky":false,"template":"","format":"standard","meta":{"rop_custom_images_group":[],"rop_custom_messages_group":[],"rop_publish_now":"initial","rop_publish_now_accounts":[],"rop_publish_now_history":[],"rop_publish_now_status":"pending","footnotes":""},"categories":[10],"tags":[388,431,6240],"class_list":["post-118164","post","type-post","status-publish","format-standard","has-post-thumbnail","hentry","category-actualidad-municipal","tag-ministerio-de-salud","tag-minsa","tag-rabia"],"_links":{"self":[{"href":"https:\/\/elinformanteperu.com\/index.php\/wp-json\/wp\/v2\/posts\/118164","targetHints":{"allow":["GET"]}}],"collection":[{"href":"https:\/\/elinformanteperu.com\/index.php\/wp-json\/wp\/v2\/posts"}],"about":[{"href":"https:\/\/elinformanteperu.com\/index.php\/wp-json\/wp\/v2\/types\/post"}],"author":[{"embeddable":true,"href":"https:\/\/elinformanteperu.com\/index.php\/wp-json\/wp\/v2\/users\/1"}],"replies":[{"embeddable":true,"href":"https:\/\/elinformanteperu.com\/index.php\/wp-json\/wp\/v2\/comments?post=118164"}],"version-history":[{"count":1,"href":"https:\/\/elinformanteperu.com\/index.php\/wp-json\/wp\/v2\/posts\/118164\/revisions"}],"predecessor-version":[{"id":118166,"href":"https:\/\/elinformanteperu.com\/index.php\/wp-json\/wp\/v2\/posts\/118164\/revisions\/118166"}],"wp:featuredmedia":[{"embeddable":true,"href":"https:\/\/elinformanteperu.com\/index.php\/wp-json\/wp\/v2\/media\/118165"}],"wp:attachment":[{"href":"https:\/\/elinformanteperu.com\/index.php\/wp-json\/wp\/v2\/media?parent=118164"}],"wp:term":[{"taxonomy":"category","embeddable":true,"href":"https:\/\/elinformanteperu.com\/index.php\/wp-json\/wp\/v2\/categories?post=118164"},{"taxonomy":"post_tag","embeddable":true,"href":"https:\/\/elinformanteperu.com\/index.php\/wp-json\/wp\/v2\/tags?post=118164"}],"curies":[{"name":"wp","href":"https:\/\/api.w.org\/{rel}","templated":true}]}}