{"id":118161,"date":"2023-10-17T12:09:04","date_gmt":"2023-10-17T17:09:04","guid":{"rendered":"https:\/\/elinformanteperu.com\/?p=118161"},"modified":"2023-10-17T12:09:04","modified_gmt":"2023-10-17T17:09:04","slug":"minsa-aclara-que-la-rabia-no-se-transmite-de-persona-a-persona","status":"publish","type":"post","link":"https:\/\/elinformanteperu.com\/index.php\/2023\/10\/17\/minsa-aclara-que-la-rabia-no-se-transmite-de-persona-a-persona\/","title":{"rendered":"Minsa aclara que la rabia no se transmite de persona a persona"},"content":{"rendered":"<p><span style=\"color: #000000;\"><strong>Lima, 17 Octubre 2023, (ANDINA).-<\/strong> La rabia es una enfermedad viral que no se transmite de persona a persona, sino a trav\u00e9s de la mordedura, rasgu\u00f1o o saliva de animales, com\u00fanmente de los perros, aclar\u00f3 el viceministro de Salud P\u00fablica del Ministerio de Salud (Minsa), Ricardo Pe\u00f1a S\u00e1nchez.<\/span><\/p>\n<p><span style=\"color: #000000;\">Manifest\u00f3 que la rabia no es un virus que se transmite v\u00eda a\u00e9rea como una enfermedad de transmisi\u00f3n respiratoria.<\/span><\/p>\n<p><span style=\"color: #000000;\">Sobre el caso de rabia humana en una mujer identificada en Arequipa, Pe\u00f1a explic\u00f3 que se estableci\u00f3 un cerco epidemiol\u00f3gico en la zona a fin de establecer si exist\u00edan otras personas que hayan sido mordidas por un perro callejero y no haya sido reportado.<\/span><\/p>\n<p><span style=\"color: #000000;\">\u201cEl riesgo en este tipo de circunstancias es que en la periferia de los casos donde se identifique existan canes desconocidos. Son perros callejeros que si a uno lo muerde no tiene idea si ha sido vacunado y tampoco hay forma de vigilarlo\u201d, anot\u00f3.<\/span><\/p>\n<p><span style=\"color: #000000;\">Dijo que la rabia afecta al sistema nervioso central de los mam\u00edferos y seres humanos y una vez que el virus llega al cerebro la enfermedad es letal, causando la muerte.<\/span><\/p>\n<p><strong><span style=\"color: #000000;\">S\u00edntomas<\/span><\/strong><\/p>\n<p><span style=\"color: #000000;\">Dijo que, en el caso de los animales, se hace frecuente los cambios de comportamiento (agresividad), la excesiva salivaci\u00f3n y par\u00e1lisis.<\/span><\/p>\n<p><span style=\"color: #000000;\">En el caso de las personas los s\u00edntomas van desde el dolor de cabeza, fiebre, ansiedad, hormigueo en la zona de la mordedura, pupilas dilatadas, convulsiones, alucinaciones, hidrofobia, fotofobia, agresividad y excesiva salivaci\u00f3n.<\/span><\/p>\n<p><span style=\"color: #000000;\">El funcionario se\u00f1al\u00f3 que, luego de la exposici\u00f3n, la persona debe poner en pr\u00e1ctica las siguientes medidas: lavar la herida con abundante agua y jab\u00f3n; este acto va a contribuir a reducir de inmediato la carga del virus.<\/span><\/p>\n<p><span style=\"color: #000000;\">El paso siguiente es acudir de inmediato al establecimiento de salud m\u00e1s cercano, donde ser\u00e1 evaluado por el m\u00e9dico quien determinar\u00e1 la aplicaci\u00f3n de un tratamiento antirr\u00e1bico (vacuna).<\/span><\/p>\n<p><span style=\"color: #000000;\">El tercer punto y no menos importante es poder detectar e identificar el animal mordedor a fin de que el personal competente determine si presenta o no los s\u00edntomas de la rabia.<\/span><\/p>\n<p><a href=\"https:\/\/elinformanteperu.com\/wp-content\/uploads\/2020\/09\/perros.jpg\"><img fetchpriority=\"high\" decoding=\"async\" class=\"size-large wp-image-81692 aligncenter\" src=\"https:\/\/elinformanteperu.com\/wp-content\/uploads\/2020\/09\/perros-1024x683.jpg\" alt=\"\" width=\"615\" height=\"410\" srcset=\"https:\/\/elinformanteperu.com\/wp-content\/uploads\/2020\/09\/perros-1024x683.jpg 1024w, https:\/\/elinformanteperu.com\/wp-content\/uploads\/2020\/09\/perros-300x200.jpg 300w, https:\/\/elinformanteperu.com\/wp-content\/uploads\/2020\/09\/perros-768x512.jpg 768w, https:\/\/elinformanteperu.com\/wp-content\/uploads\/2020\/09\/perros-1536x1024.jpg 1536w, https:\/\/elinformanteperu.com\/wp-content\/uploads\/2020\/09\/perros.jpg 1800w\" sizes=\"(max-width: 615px) 100vw, 615px\" \/><\/a><\/p>\n","protected":false},"excerpt":{"rendered":"<p>Lima, 17 Octubre 2023, (ANDINA).- La rabia es una enfermedad viral que no se transmite de persona a persona, sino a trav\u00e9s de la mordedura, rasgu\u00f1o o saliva de animales, com\u00fanmente de los perros, aclar\u00f3 el viceministro de Salud P\u00fablica del Ministerio de Salud (Minsa), Ricardo Pe\u00f1a S\u00e1nchez. Manifest\u00f3 que la rabia no es un [&hellip;]<\/p>\n","protected":false},"author":1,"featured_media":118162,"comment_status":"closed","ping_status":"closed","sticky":false,"template":"","format":"standard","meta":{"rop_custom_images_group":[],"rop_custom_messages_group":[],"rop_publish_now":"initial","rop_publish_now_accounts":[],"rop_publish_now_history":[],"rop_publish_now_status":"pending","footnotes":""},"categories":[10,5746,21],"tags":[6240],"class_list":["post-118161","post","type-post","status-publish","format-standard","has-post-thumbnail","hentry","category-actualidad-municipal","category-foto-noticias","category-orientacion","tag-rabia"],"_links":{"self":[{"href":"https:\/\/elinformanteperu.com\/index.php\/wp-json\/wp\/v2\/posts\/118161","targetHints":{"allow":["GET"]}}],"collection":[{"href":"https:\/\/elinformanteperu.com\/index.php\/wp-json\/wp\/v2\/posts"}],"about":[{"href":"https:\/\/elinformanteperu.com\/index.php\/wp-json\/wp\/v2\/types\/post"}],"author":[{"embeddable":true,"href":"https:\/\/elinformanteperu.com\/index.php\/wp-json\/wp\/v2\/users\/1"}],"replies":[{"embeddable":true,"href":"https:\/\/elinformanteperu.com\/index.php\/wp-json\/wp\/v2\/comments?post=118161"}],"version-history":[{"count":1,"href":"https:\/\/elinformanteperu.com\/index.php\/wp-json\/wp\/v2\/posts\/118161\/revisions"}],"predecessor-version":[{"id":118163,"href":"https:\/\/elinformanteperu.com\/index.php\/wp-json\/wp\/v2\/posts\/118161\/revisions\/118163"}],"wp:featuredmedia":[{"embeddable":true,"href":"https:\/\/elinformanteperu.com\/index.php\/wp-json\/wp\/v2\/media\/118162"}],"wp:attachment":[{"href":"https:\/\/elinformanteperu.com\/index.php\/wp-json\/wp\/v2\/media?parent=118161"}],"wp:term":[{"taxonomy":"category","embeddable":true,"href":"https:\/\/elinformanteperu.com\/index.php\/wp-json\/wp\/v2\/categories?post=118161"},{"taxonomy":"post_tag","embeddable":true,"href":"https:\/\/elinformanteperu.com\/index.php\/wp-json\/wp\/v2\/tags?post=118161"}],"curies":[{"name":"wp","href":"https:\/\/api.w.org\/{rel}","templated":true}]}}