{"id":118157,"date":"2023-10-17T12:05:57","date_gmt":"2023-10-17T17:05:57","guid":{"rendered":"https:\/\/elinformanteperu.com\/?p=118157"},"modified":"2023-10-17T12:05:57","modified_gmt":"2023-10-17T17:05:57","slug":"cusco-rescatan-alpacas-y-ovejas-de-mujeres-que-las-utilizaban-para-atraer-turistas","status":"publish","type":"post","link":"https:\/\/elinformanteperu.com\/index.php\/2023\/10\/17\/cusco-rescatan-alpacas-y-ovejas-de-mujeres-que-las-utilizaban-para-atraer-turistas\/","title":{"rendered":"Cusco: rescatan alpacas y ovejas de mujeres que las utilizaban para atraer turistas"},"content":{"rendered":"<p><strong><span style=\"color: #000000;\">Municipalidad del Cusco inform\u00f3 que evitan el maltrato y promueven la protecci\u00f3n<\/span><\/strong><\/p>\n<p><span style=\"color: #000000;\"><strong>Cusco, 17 Octubre 2023, (ANDINA).-<\/strong> M\u00e1s de diez alpacas, llamas y ovejas fueron recuperadas hasta el momento de varios grupos de mujeres vestidos con trajes t\u00edpicos que las utilizaban para atraer turistas y fotografiarse en el centro hist\u00f3rico de la ciudad del Cusco, inform\u00f3 la Municipalidad del Cusco.<\/span><\/p>\n<p><span style=\"color: #000000;\">Seg\u00fan el alcalde, Luis Pantoja Calvo, las labores se desarrollaron desde la segunda semana de este mes, en coordinaci\u00f3n con el Ministerio P\u00fablico y seguridad ciudadana en el marco de la Ley 30407 de protecci\u00f3n y bienestar de los animales y el art\u00edculo 206 del c\u00f3digo penal que evita el maltrato.<\/span><\/p>\n<p><span style=\"color: #000000;\">Los funcionarios municipales se ubicaron en diferentes sectores de la plaza Mayor, plazoletas y calles de ingreso, para rescatar a los animales, previa informaci\u00f3n y sensibilizaci\u00f3n de posibles delitos por maltrato y explotaci\u00f3n en los que incurren sus propietarios al utilizarlos.<\/span><\/p>\n<p><span style=\"color: #000000;\">Entre los animalitos, hab\u00eda j\u00f3venes y en su mayor\u00eda cr\u00edas que eran utilizados para las fotos y videos a cambio, en muchas ocasiones, de sumas de dinero excesivos. Seg\u00fan el burgomaestre, hubo quejas en las que las mujeres persegu\u00edan a los visitantes por m\u00e1s dinero.<\/span><\/p>\n<p><span style=\"color: #000000;\">Los cam\u00e9lidos y ovejas inicialmente estaban a custodia de la autoridad municipal, posteriormente se dispuso el traslado a la sede de la Universidad Nacional de San Antonio Abad del Cusco (Unsaac), para su cuidado, tratamiento y preservaci\u00f3n.<\/span><\/p>\n<p><span style=\"color: #000000;\">Darwin Z\u00fa\u00f1iga, responsable de la facultad de Medicina Veterinaria se\u00f1al\u00f3 que los animales no estaban en su h\u00e1bitat natural, que fueron expuestos a edad temprana tras ser separados de sus madres \u201cellos todav\u00eda est\u00e1n tomando leche\u201d, mencion\u00f3.<\/span><\/p>\n<p><span style=\"color: #000000;\">Tambi\u00e9n dijo que har\u00e1n una evaluaci\u00f3n sanitaria y an\u00e1lisis sobre sus estados, pero a simple vista denotan que tendr\u00edan problemas en los ojos \u201cconjuntivitis\u201d y hasta fiebre, en el caso de cr\u00edas de alpacas.<\/span><\/p>\n<p><span style=\"color: #000000;\">Durante los operativos, algunas otras mujeres optaron por retirarse con los animalitos del lugar, no obstante, indicaron que continuar\u00e1n los operativos en defensa del bienestar de los mismos.<\/span><\/p>\n<p><a href=\"https:\/\/elinformanteperu.com\/wp-content\/uploads\/2023\/10\/alpacas-cusco1.jpg\"><img fetchpriority=\"high\" decoding=\"async\" class=\"size-full wp-image-118159 aligncenter\" src=\"https:\/\/elinformanteperu.com\/wp-content\/uploads\/2023\/10\/alpacas-cusco1.jpg\" alt=\"\" width=\"500\" height=\"333\" srcset=\"https:\/\/elinformanteperu.com\/wp-content\/uploads\/2023\/10\/alpacas-cusco1.jpg 500w, https:\/\/elinformanteperu.com\/wp-content\/uploads\/2023\/10\/alpacas-cusco1-300x200.jpg 300w\" sizes=\"(max-width: 500px) 100vw, 500px\" \/><\/a><\/p>\n","protected":false},"excerpt":{"rendered":"<p>Municipalidad del Cusco inform\u00f3 que evitan el maltrato y promueven la protecci\u00f3n Cusco, 17 Octubre 2023, (ANDINA).- M\u00e1s de diez alpacas, llamas y ovejas fueron recuperadas hasta el momento de varios grupos de mujeres vestidos con trajes t\u00edpicos que las utilizaban para atraer turistas y fotografiarse en el centro hist\u00f3rico de la ciudad del Cusco, [&hellip;]<\/p>\n","protected":false},"author":1,"featured_media":118158,"comment_status":"closed","ping_status":"closed","sticky":false,"template":"","format":"standard","meta":{"rop_custom_images_group":[],"rop_custom_messages_group":[],"rop_publish_now":"initial","rop_publish_now_accounts":[],"rop_publish_now_history":[],"rop_publish_now_status":"pending","footnotes":""},"categories":[10],"tags":[1226,1602],"class_list":["post-118157","post","type-post","status-publish","format-standard","has-post-thumbnail","hentry","category-actualidad-municipal","tag-cusco","tag-municipalidad-del-cusco"],"_links":{"self":[{"href":"https:\/\/elinformanteperu.com\/index.php\/wp-json\/wp\/v2\/posts\/118157","targetHints":{"allow":["GET"]}}],"collection":[{"href":"https:\/\/elinformanteperu.com\/index.php\/wp-json\/wp\/v2\/posts"}],"about":[{"href":"https:\/\/elinformanteperu.com\/index.php\/wp-json\/wp\/v2\/types\/post"}],"author":[{"embeddable":true,"href":"https:\/\/elinformanteperu.com\/index.php\/wp-json\/wp\/v2\/users\/1"}],"replies":[{"embeddable":true,"href":"https:\/\/elinformanteperu.com\/index.php\/wp-json\/wp\/v2\/comments?post=118157"}],"version-history":[{"count":1,"href":"https:\/\/elinformanteperu.com\/index.php\/wp-json\/wp\/v2\/posts\/118157\/revisions"}],"predecessor-version":[{"id":118160,"href":"https:\/\/elinformanteperu.com\/index.php\/wp-json\/wp\/v2\/posts\/118157\/revisions\/118160"}],"wp:featuredmedia":[{"embeddable":true,"href":"https:\/\/elinformanteperu.com\/index.php\/wp-json\/wp\/v2\/media\/118158"}],"wp:attachment":[{"href":"https:\/\/elinformanteperu.com\/index.php\/wp-json\/wp\/v2\/media?parent=118157"}],"wp:term":[{"taxonomy":"category","embeddable":true,"href":"https:\/\/elinformanteperu.com\/index.php\/wp-json\/wp\/v2\/categories?post=118157"},{"taxonomy":"post_tag","embeddable":true,"href":"https:\/\/elinformanteperu.com\/index.php\/wp-json\/wp\/v2\/tags?post=118157"}],"curies":[{"name":"wp","href":"https:\/\/api.w.org\/{rel}","templated":true}]}}