{"id":118153,"date":"2023-10-17T12:02:30","date_gmt":"2023-10-17T17:02:30","guid":{"rendered":"https:\/\/elinformanteperu.com\/?p=118153"},"modified":"2023-10-17T12:02:30","modified_gmt":"2023-10-17T17:02:30","slug":"vraem-plaga-de-gusanos-arrasa-con-mas-de-20-hectareas-de-cultivos-de-yuca","status":"publish","type":"post","link":"https:\/\/elinformanteperu.com\/index.php\/2023\/10\/17\/vraem-plaga-de-gusanos-arrasa-con-mas-de-20-hectareas-de-cultivos-de-yuca\/","title":{"rendered":"Vraem: plaga de gusanos arrasa con m\u00e1s de 20 hect\u00e1reas de cultivos de yuca"},"content":{"rendered":"<p><span style=\"color: #000000;\"><strong>Vraem, 17 Octubre 2023, (ANDINA).-<\/strong> Una plaga de gusanos viene atacando cultivos de yuca en la zona del Valle de los R\u00edos Apur\u00edmac, Ene y Mantaro (Vraem). Hasta el momento se han reportado m\u00e1s de veinte hect\u00e1reas afectadas solo en el sector de Malvinas, perteneciente a la comunidad de Ubiato, en el distrito de Kimbiri, La Convenci\u00f3n, regi\u00f3n Cusco.<\/span><\/p>\n<p><span style=\"color: #000000;\">El secretario general de la Federaci\u00f3n de Productores Agropecuarios del Vraem, Richard Zavala, inform\u00f3 que los da\u00f1os se registraron desde el pasado domingo arrasando con varias plantaciones de yuca, que es el principal sustento econ\u00f3mico de decenas de familias que viven de la agricultura.<\/span><\/p>\n<p><span style=\"color: #000000;\">Ante ello, se\u00f1al\u00f3 que solicitaron la pronta intervenci\u00f3n del Servicio Nacional de Sanidad Agraria (Senasa) a fin de que pueda tomar las acciones necesarias, principalmente, en temas de prevenci\u00f3n y erradicaci\u00f3n de la plaga.<\/span><\/p>\n<p><span style=\"color: #000000;\">Zavala precis\u00f3 que el agricultor por cada hect\u00e1rea sembrada invierte un promedio de 15,000 soles, lo cual para ellos representa una gran p\u00e9rdida econ\u00f3mica, y que podr\u00eda afectar la cosecha durante la pr\u00f3xima temporada.<\/span><\/p>\n<p><span style=\"color: #000000;\">En tanto, los dirigentes comunales temen que la plaga se pueda expandir a otros lugares aleda\u00f1os, toda vez que arrasaron los cultivos en tan poco tiempo.<\/span><\/p>\n<p><span style=\"color: #000000;\">Se sabe que a falta de apoyo de las autoridades los pobladores se organizaron y comenzaron a retirar todos los gusanos de las plantaciones haciendo uso de cubetas. Se aguarda la evaluaci\u00f3n del personal t\u00e9cnico para que determinen las causas.<\/span><\/p>\n<p><a href=\"https:\/\/elinformanteperu.com\/wp-content\/uploads\/2023\/10\/vraem-hectareas-gusanos1.jpg\"><img fetchpriority=\"high\" decoding=\"async\" class=\"size-full wp-image-118155 aligncenter\" src=\"https:\/\/elinformanteperu.com\/wp-content\/uploads\/2023\/10\/vraem-hectareas-gusanos1.jpg\" alt=\"\" width=\"500\" height=\"281\" srcset=\"https:\/\/elinformanteperu.com\/wp-content\/uploads\/2023\/10\/vraem-hectareas-gusanos1.jpg 500w, https:\/\/elinformanteperu.com\/wp-content\/uploads\/2023\/10\/vraem-hectareas-gusanos1-300x169.jpg 300w\" sizes=\"(max-width: 500px) 100vw, 500px\" \/><\/a><\/p>\n","protected":false},"excerpt":{"rendered":"<p>Vraem, 17 Octubre 2023, (ANDINA).- Una plaga de gusanos viene atacando cultivos de yuca en la zona del Valle de los R\u00edos Apur\u00edmac, Ene y Mantaro (Vraem). Hasta el momento se han reportado m\u00e1s de veinte hect\u00e1reas afectadas solo en el sector de Malvinas, perteneciente a la comunidad de Ubiato, en el distrito de Kimbiri, [&hellip;]<\/p>\n","protected":false},"author":1,"featured_media":118154,"comment_status":"closed","ping_status":"closed","sticky":false,"template":"","format":"standard","meta":{"rop_custom_images_group":[],"rop_custom_messages_group":[],"rop_publish_now":"initial","rop_publish_now_accounts":[],"rop_publish_now_history":[],"rop_publish_now_status":"pending","footnotes":""},"categories":[10],"tags":[1507,1060],"class_list":["post-118153","post","type-post","status-publish","format-standard","has-post-thumbnail","hentry","category-actualidad-municipal","tag-senasa","tag-vraem"],"_links":{"self":[{"href":"https:\/\/elinformanteperu.com\/index.php\/wp-json\/wp\/v2\/posts\/118153","targetHints":{"allow":["GET"]}}],"collection":[{"href":"https:\/\/elinformanteperu.com\/index.php\/wp-json\/wp\/v2\/posts"}],"about":[{"href":"https:\/\/elinformanteperu.com\/index.php\/wp-json\/wp\/v2\/types\/post"}],"author":[{"embeddable":true,"href":"https:\/\/elinformanteperu.com\/index.php\/wp-json\/wp\/v2\/users\/1"}],"replies":[{"embeddable":true,"href":"https:\/\/elinformanteperu.com\/index.php\/wp-json\/wp\/v2\/comments?post=118153"}],"version-history":[{"count":1,"href":"https:\/\/elinformanteperu.com\/index.php\/wp-json\/wp\/v2\/posts\/118153\/revisions"}],"predecessor-version":[{"id":118156,"href":"https:\/\/elinformanteperu.com\/index.php\/wp-json\/wp\/v2\/posts\/118153\/revisions\/118156"}],"wp:featuredmedia":[{"embeddable":true,"href":"https:\/\/elinformanteperu.com\/index.php\/wp-json\/wp\/v2\/media\/118154"}],"wp:attachment":[{"href":"https:\/\/elinformanteperu.com\/index.php\/wp-json\/wp\/v2\/media?parent=118153"}],"wp:term":[{"taxonomy":"category","embeddable":true,"href":"https:\/\/elinformanteperu.com\/index.php\/wp-json\/wp\/v2\/categories?post=118153"},{"taxonomy":"post_tag","embeddable":true,"href":"https:\/\/elinformanteperu.com\/index.php\/wp-json\/wp\/v2\/tags?post=118153"}],"curies":[{"name":"wp","href":"https:\/\/api.w.org\/{rel}","templated":true}]}}