{"id":118027,"date":"2023-10-15T13:21:43","date_gmt":"2023-10-15T18:21:43","guid":{"rendered":"https:\/\/elinformanteperu.com\/?p=118027"},"modified":"2023-10-15T13:21:43","modified_gmt":"2023-10-15T18:21:43","slug":"desarticulan-90-organizaciones-criminales-ligadas-al-narcotrafico-en-lo-que-va-del-ano","status":"publish","type":"post","link":"https:\/\/elinformanteperu.com\/index.php\/2023\/10\/15\/desarticulan-90-organizaciones-criminales-ligadas-al-narcotrafico-en-lo-que-va-del-ano\/","title":{"rendered":"Desarticulan 90 organizaciones criminales ligadas al narcotr\u00e1fico en lo que va del a\u00f1o"},"content":{"rendered":"<p><span style=\"color: #000000;\"><strong>Lima, 15 Octubre 2023, (ANDINA).-<\/strong> El ministro del Interior, Vicente Romero Fern\u00e1ndez, destac\u00f3 ante el Pleno del Congreso de la Rep\u00fablica los esfuerzos de la Polic\u00eda Nacional del Per\u00fa (PNP) en la lucha contra el narcotr\u00e1fico, especialmente en contra del crimen organizado relacionado con este flagelo.<\/span><\/p>\n<p><span style=\"color: #000000;\">Desde que asumi\u00f3 el cargo el 13 de enero del 2023, el Ministerio del Interior (Mininter), a trav\u00e9s de la PNP, intensific\u00f3 los operativos policiales, logrando desarticular a 93 organizaciones criminales dedicadas al tr\u00e1fico il\u00edcito de drogas.<\/span><\/p>\n<p><span style=\"color: #000000;\">El ministro Romero indic\u00f3 que producto de los denodados esfuerzos que realizan las fuerzas policiales se decomisaron m\u00e1s de 67 toneladas de droga, incluyendo pasta b\u00e1sica de coca\u00edna, clorhidrato de coca\u00edna y marihuana, entre otras sustancias il\u00edcitas. <\/span><span style=\"color: #000000;\">Asimismo, se incautaron 232 armas de fuego, 25 inmuebles, 428 veh\u00edculos y m\u00e1s de 7 millones de soles.<\/span><\/p>\n<p><span style=\"color: #000000;\">El titular del Mininter enfatiz\u00f3 que una parte crucial de la labor policial contra el narcotr\u00e1fico consiste en realizar operaciones de interdicci\u00f3n. Mencion\u00f3, al respecto, la destrucci\u00f3n de 52 pistas de aterrizaje clandestinas y de 1010 pozas de maceraci\u00f3n y la eliminaci\u00f3n de 687 laboratorios de droga. <\/span><\/p>\n<p><span style=\"color: #000000;\">Asimismo, resalt\u00f3 el trabajo articulado que viene desplegando la Polic\u00eda Nacional junto a las Fuerzas Armadas y la Superintendencia Nacional de Aduanas y Administraci\u00f3n Tributaria (Sunat), en el decomiso de insumos qu\u00edmicos.<\/span><\/p>\n<p><span style=\"color: #000000;\">Cabe recalcar que, durante su exposici\u00f3n en el Congreso de la Rep\u00fablica, el ministro Romero destac\u00f3 la labor del Proyecto Especial de Control y Reducci\u00f3n del Cultivo de la Coca en el Alto Huallaga (CORAH), a trav\u00e9s del cual se ha erradicado, a la fecha, 16,980.87 hect\u00e1reas de plantones de hoja de coca ilegales.<\/span><\/p>\n<p><span style=\"color: #000000;\">Finalmente, reiter\u00f3 que existe la Pol\u00edtica Nacional contra las Drogas al 2030 para atacar este delito de forma multisectorial y se\u00f1al\u00f3, adem\u00e1s, que los operativos a nivel nacional seguir\u00e1n intensific\u00e1ndose en todo el territorio nacional por el bien de la seguridad del pa\u00eds.<\/span><\/p>\n<p><a href=\"https:\/\/elinformanteperu.com\/wp-content\/uploads\/2023\/10\/Tren-de-Aragua-detenido-esposado.jpg\"><img fetchpriority=\"high\" decoding=\"async\" class=\"size-full wp-image-117680 aligncenter\" src=\"https:\/\/elinformanteperu.com\/wp-content\/uploads\/2023\/10\/Tren-de-Aragua-detenido-esposado.jpg\" alt=\"\" width=\"500\" height=\"333\" srcset=\"https:\/\/elinformanteperu.com\/wp-content\/uploads\/2023\/10\/Tren-de-Aragua-detenido-esposado.jpg 500w, https:\/\/elinformanteperu.com\/wp-content\/uploads\/2023\/10\/Tren-de-Aragua-detenido-esposado-300x200.jpg 300w\" sizes=\"(max-width: 500px) 100vw, 500px\" \/><\/a><\/p>\n","protected":false},"excerpt":{"rendered":"<p>Lima, 15 Octubre 2023, (ANDINA).- El ministro del Interior, Vicente Romero Fern\u00e1ndez, destac\u00f3 ante el Pleno del Congreso de la Rep\u00fablica los esfuerzos de la Polic\u00eda Nacional del Per\u00fa (PNP) en la lucha contra el narcotr\u00e1fico, especialmente en contra del crimen organizado relacionado con este flagelo. Desde que asumi\u00f3 el cargo el 13 de enero [&hellip;]<\/p>\n","protected":false},"author":1,"featured_media":118028,"comment_status":"closed","ping_status":"closed","sticky":false,"template":"","format":"standard","meta":{"rop_custom_images_group":[],"rop_custom_messages_group":[],"rop_publish_now":"initial","rop_publish_now_accounts":[],"rop_publish_now_history":[],"rop_publish_now_status":"pending","footnotes":""},"categories":[10],"tags":[280,2614],"class_list":["post-118027","post","type-post","status-publish","format-standard","has-post-thumbnail","hentry","category-actualidad-municipal","tag-ministerio-del-interior","tag-vicente-romero-fernandez"],"_links":{"self":[{"href":"https:\/\/elinformanteperu.com\/index.php\/wp-json\/wp\/v2\/posts\/118027","targetHints":{"allow":["GET"]}}],"collection":[{"href":"https:\/\/elinformanteperu.com\/index.php\/wp-json\/wp\/v2\/posts"}],"about":[{"href":"https:\/\/elinformanteperu.com\/index.php\/wp-json\/wp\/v2\/types\/post"}],"author":[{"embeddable":true,"href":"https:\/\/elinformanteperu.com\/index.php\/wp-json\/wp\/v2\/users\/1"}],"replies":[{"embeddable":true,"href":"https:\/\/elinformanteperu.com\/index.php\/wp-json\/wp\/v2\/comments?post=118027"}],"version-history":[{"count":1,"href":"https:\/\/elinformanteperu.com\/index.php\/wp-json\/wp\/v2\/posts\/118027\/revisions"}],"predecessor-version":[{"id":118029,"href":"https:\/\/elinformanteperu.com\/index.php\/wp-json\/wp\/v2\/posts\/118027\/revisions\/118029"}],"wp:featuredmedia":[{"embeddable":true,"href":"https:\/\/elinformanteperu.com\/index.php\/wp-json\/wp\/v2\/media\/118028"}],"wp:attachment":[{"href":"https:\/\/elinformanteperu.com\/index.php\/wp-json\/wp\/v2\/media?parent=118027"}],"wp:term":[{"taxonomy":"category","embeddable":true,"href":"https:\/\/elinformanteperu.com\/index.php\/wp-json\/wp\/v2\/categories?post=118027"},{"taxonomy":"post_tag","embeddable":true,"href":"https:\/\/elinformanteperu.com\/index.php\/wp-json\/wp\/v2\/tags?post=118027"}],"curies":[{"name":"wp","href":"https:\/\/api.w.org\/{rel}","templated":true}]}}