{"id":117689,"date":"2023-10-09T12:21:52","date_gmt":"2023-10-09T17:21:52","guid":{"rendered":"https:\/\/elinformanteperu.com\/?p=117689"},"modified":"2023-10-09T12:21:52","modified_gmt":"2023-10-09T17:21:52","slug":"la-molina-acuerdo-resolveria-conflicto-de-inauguracion-de-centro-comercial","status":"publish","type":"post","link":"https:\/\/elinformanteperu.com\/index.php\/2023\/10\/09\/la-molina-acuerdo-resolveria-conflicto-de-inauguracion-de-centro-comercial\/","title":{"rendered":"La Molina: acuerdo resolver\u00eda conflicto de inauguraci\u00f3n de centro comercial"},"content":{"rendered":"<p><strong><span style=\"color: #000000;\">Dentro de un marco de respeto a la viabilidad y seguridad del vecino, afirma alcalde Uceda<\/span><\/strong><\/p>\n<p><span style=\"color: #000000;\"><strong>Lima, 09 Octubre 2023, (ANDINA).-<\/strong> La municipalidad de La Molina estar\u00eda llegando a un acuerdo con Cencosud para la pr\u00f3xima apertura de su centro comercial tras resolver los problemas de impacto vial que presentaba dicha edificaci\u00f3n y que imped\u00eda su inauguraci\u00f3n desde el a\u00f1o pasado, se\u00f1al\u00f3 el alcalde de dicha comuna, Diego Uceda.<\/span><\/p>\n<p><span style=\"color: #000000;\">Ese acuerdo, indic\u00f3, busca una soluci\u00f3n r\u00e1pida. \u00abLa que m\u00e1s convenga al distrito y al vecindario, dentro de un marco de respeto a la viabilidad, seguridad e integridad\u00bb.<\/span><\/p>\n<p><span style=\"color: #000000;\">Recalc\u00f3 que es promotor de la inversi\u00f3n privada y que siempre ha estado predispuesto al di\u00e1logo. \u00abHe trabajado para el sector privado 40 a\u00f1os, por lo tanto promuevo la inversi\u00f3n\u00bb, precis\u00f3<\/span><\/p>\n<p><span style=\"color: #000000;\">Sostuvo que tiene seguridad en que s\u00ed se llegar\u00e1 a un acuerdo, especialmente en temas como viabilidad en la avenida Ra\u00fal Ferrero; ingreso y salida de 1,300 veh\u00edculos de la zona de estacionamiento por la avenida Ferrero; estacionamiento para taxistas y motociclistas en el Centro Comercial, entre otros aspectos.<\/span><\/p>\n<p><span style=\"color: #000000;\">Uceda formul\u00f3 estas declaraciones momentos despu\u00e9s de presidir una ceremonia en homenaje a Miguel Grau Seminario y a los marinos que hace 144 a\u00f1os ofrendaron sus vidas en Angamos en defensa del Per\u00fa.<\/span><\/p>\n<p><span style=\"color: #000000;\">El acto se realiz\u00f3 en el Parque Almirante Grau de La Molina, con asistencia de altos oficiales de la Marina de Guerra del Per\u00fa; del jurista Ra\u00fal Ferrero Costa; vecinos de la Junta Vecinal Sector 7 de La Molina; funcionarios de la Municipalidad, entre otras personas.<\/span><\/p>\n<p><span style=\"color: #000000;\">Uceda puso en relieve la figura del \u201cCaballero de los Mares\u201d, al que calific\u00f3 como un hombre heroico en las armas y a la vez un ciudadano ejemplar.<\/span><\/p>\n<p><span style=\"color: #000000;\">\u201cEl legado de Grau es una fuente inagotable de inspiraci\u00f3n y orgullo para todos los peruanos\u201d, subray\u00f3 con emoci\u00f3n.<\/span><\/p>\n<p><a href=\"https:\/\/elinformanteperu.com\/wp-content\/uploads\/2020\/11\/la-molina.jpg\"><img fetchpriority=\"high\" decoding=\"async\" class=\"size-large wp-image-86582 aligncenter\" src=\"https:\/\/elinformanteperu.com\/wp-content\/uploads\/2020\/11\/la-molina-1024x683.jpg\" alt=\"\" width=\"615\" height=\"410\" srcset=\"https:\/\/elinformanteperu.com\/wp-content\/uploads\/2020\/11\/la-molina-1024x683.jpg 1024w, https:\/\/elinformanteperu.com\/wp-content\/uploads\/2020\/11\/la-molina-300x200.jpg 300w, https:\/\/elinformanteperu.com\/wp-content\/uploads\/2020\/11\/la-molina-768x512.jpg 768w, https:\/\/elinformanteperu.com\/wp-content\/uploads\/2020\/11\/la-molina-1536x1024.jpg 1536w, https:\/\/elinformanteperu.com\/wp-content\/uploads\/2020\/11\/la-molina.jpg 1800w\" sizes=\"(max-width: 615px) 100vw, 615px\" \/><\/a><\/p>\n","protected":false},"excerpt":{"rendered":"<p>Dentro de un marco de respeto a la viabilidad y seguridad del vecino, afirma alcalde Uceda Lima, 09 Octubre 2023, (ANDINA).- La municipalidad de La Molina estar\u00eda llegando a un acuerdo con Cencosud para la pr\u00f3xima apertura de su centro comercial tras resolver los problemas de impacto vial que presentaba dicha edificaci\u00f3n y que imped\u00eda [&hellip;]<\/p>\n","protected":false},"author":1,"featured_media":117690,"comment_status":"closed","ping_status":"closed","sticky":false,"template":"","format":"standard","meta":{"rop_custom_images_group":[],"rop_custom_messages_group":[],"rop_publish_now":"initial","rop_publish_now_accounts":[],"rop_publish_now_history":[],"rop_publish_now_status":"pending","footnotes":""},"categories":[10],"tags":[965],"class_list":["post-117689","post","type-post","status-publish","format-standard","has-post-thumbnail","hentry","category-actualidad-municipal","tag-municipalidad-de-la-molina"],"_links":{"self":[{"href":"https:\/\/elinformanteperu.com\/index.php\/wp-json\/wp\/v2\/posts\/117689","targetHints":{"allow":["GET"]}}],"collection":[{"href":"https:\/\/elinformanteperu.com\/index.php\/wp-json\/wp\/v2\/posts"}],"about":[{"href":"https:\/\/elinformanteperu.com\/index.php\/wp-json\/wp\/v2\/types\/post"}],"author":[{"embeddable":true,"href":"https:\/\/elinformanteperu.com\/index.php\/wp-json\/wp\/v2\/users\/1"}],"replies":[{"embeddable":true,"href":"https:\/\/elinformanteperu.com\/index.php\/wp-json\/wp\/v2\/comments?post=117689"}],"version-history":[{"count":1,"href":"https:\/\/elinformanteperu.com\/index.php\/wp-json\/wp\/v2\/posts\/117689\/revisions"}],"predecessor-version":[{"id":117691,"href":"https:\/\/elinformanteperu.com\/index.php\/wp-json\/wp\/v2\/posts\/117689\/revisions\/117691"}],"wp:featuredmedia":[{"embeddable":true,"href":"https:\/\/elinformanteperu.com\/index.php\/wp-json\/wp\/v2\/media\/117690"}],"wp:attachment":[{"href":"https:\/\/elinformanteperu.com\/index.php\/wp-json\/wp\/v2\/media?parent=117689"}],"wp:term":[{"taxonomy":"category","embeddable":true,"href":"https:\/\/elinformanteperu.com\/index.php\/wp-json\/wp\/v2\/categories?post=117689"},{"taxonomy":"post_tag","embeddable":true,"href":"https:\/\/elinformanteperu.com\/index.php\/wp-json\/wp\/v2\/tags?post=117689"}],"curies":[{"name":"wp","href":"https:\/\/api.w.org\/{rel}","templated":true}]}}