{"id":117664,"date":"2023-10-09T11:41:45","date_gmt":"2023-10-09T16:41:45","guid":{"rendered":"https:\/\/elinformanteperu.com\/?p=117664"},"modified":"2023-10-09T11:41:45","modified_gmt":"2023-10-09T16:41:45","slug":"el-flamengo-contrata-al-brasileno-tite-para-reemplazar-a-sampaoli","status":"publish","type":"post","link":"https:\/\/elinformanteperu.com\/index.php\/2023\/10\/09\/el-flamengo-contrata-al-brasileno-tite-para-reemplazar-a-sampaoli\/","title":{"rendered":"El Flamengo contrata al brasile\u00f1o Tite para reemplazar a Sampaoli"},"content":{"rendered":"<p><strong><span style=\"color: #000000;\">El anuncio lo hizo un alto directivo del club Mengao<\/span><\/strong><\/p>\n<p><span style=\"color: #000000;\"><strong>R\u00edo de Janeiro, 09 Octubre 2023, (ANDINA).-<\/strong> El exseleccionador brasile\u00f1o Tite es el nuevo entrenador del Flamengo en reemplazo del argentino Jorge Sampaoli, quien sali\u00f3 hace casi dos semanas luego de perder la Copa de liga, anunci\u00f3 un alto directivo del popular club de Rio de Janeiro, protagonista de una temporada decepcionante.<\/span><\/p>\n<p><span style=\"color: #000000;\">\u00abFlamengo est\u00e1 muy contento con su elecci\u00f3n, con su aceptaci\u00f3n. Ha sido muy complaciente, muy directo con nosotros. Han sido conversaciones directas, sin rodeos, que creo que han llegado a un buen tono y a un excelente final\u00bb, dijo Marcos Braz, vicepresidente de F\u00fatbol del &#8216;Mengao&#8217;, en una breve entrevista filmada concedida al portal Globo Esporte.<\/span><\/p>\n<p><a href=\"https:\/\/elinformanteperu.com\/wp-content\/uploads\/2022\/06\/tite.jpg\"><img fetchpriority=\"high\" decoding=\"async\" class=\"size-large wp-image-115519 aligncenter\" src=\"https:\/\/elinformanteperu.com\/wp-content\/uploads\/2022\/06\/tite-1024x681.jpg\" alt=\"\" width=\"615\" height=\"409\" srcset=\"https:\/\/elinformanteperu.com\/wp-content\/uploads\/2022\/06\/tite-1024x681.jpg 1024w, https:\/\/elinformanteperu.com\/wp-content\/uploads\/2022\/06\/tite-300x200.jpg 300w, https:\/\/elinformanteperu.com\/wp-content\/uploads\/2022\/06\/tite-768x511.jpg 768w, https:\/\/elinformanteperu.com\/wp-content\/uploads\/2022\/06\/tite-1536x1021.jpg 1536w, https:\/\/elinformanteperu.com\/wp-content\/uploads\/2022\/06\/tite.jpg 1800w\" sizes=\"(max-width: 615px) 100vw, 615px\" \/><\/a><\/p>\n","protected":false},"excerpt":{"rendered":"<p>El anuncio lo hizo un alto directivo del club Mengao R\u00edo de Janeiro, 09 Octubre 2023, (ANDINA).- El exseleccionador brasile\u00f1o Tite es el nuevo entrenador del Flamengo en reemplazo del argentino Jorge Sampaoli, quien sali\u00f3 hace casi dos semanas luego de perder la Copa de liga, anunci\u00f3 un alto directivo del popular club de Rio [&hellip;]<\/p>\n","protected":false},"author":1,"featured_media":114822,"comment_status":"closed","ping_status":"closed","sticky":false,"template":"","format":"standard","meta":{"rop_custom_images_group":[],"rop_custom_messages_group":[],"rop_publish_now":"initial","rop_publish_now_accounts":[],"rop_publish_now_history":[],"rop_publish_now_status":"pending","footnotes":""},"categories":[8],"tags":[227,145],"class_list":["post-117664","post","type-post","status-publish","format-standard","has-post-thumbnail","hentry","category-disciplinas-deportivas","tag-flamengo","tag-tite"],"_links":{"self":[{"href":"https:\/\/elinformanteperu.com\/index.php\/wp-json\/wp\/v2\/posts\/117664","targetHints":{"allow":["GET"]}}],"collection":[{"href":"https:\/\/elinformanteperu.com\/index.php\/wp-json\/wp\/v2\/posts"}],"about":[{"href":"https:\/\/elinformanteperu.com\/index.php\/wp-json\/wp\/v2\/types\/post"}],"author":[{"embeddable":true,"href":"https:\/\/elinformanteperu.com\/index.php\/wp-json\/wp\/v2\/users\/1"}],"replies":[{"embeddable":true,"href":"https:\/\/elinformanteperu.com\/index.php\/wp-json\/wp\/v2\/comments?post=117664"}],"version-history":[{"count":1,"href":"https:\/\/elinformanteperu.com\/index.php\/wp-json\/wp\/v2\/posts\/117664\/revisions"}],"predecessor-version":[{"id":117665,"href":"https:\/\/elinformanteperu.com\/index.php\/wp-json\/wp\/v2\/posts\/117664\/revisions\/117665"}],"wp:featuredmedia":[{"embeddable":true,"href":"https:\/\/elinformanteperu.com\/index.php\/wp-json\/wp\/v2\/media\/114822"}],"wp:attachment":[{"href":"https:\/\/elinformanteperu.com\/index.php\/wp-json\/wp\/v2\/media?parent=117664"}],"wp:term":[{"taxonomy":"category","embeddable":true,"href":"https:\/\/elinformanteperu.com\/index.php\/wp-json\/wp\/v2\/categories?post=117664"},{"taxonomy":"post_tag","embeddable":true,"href":"https:\/\/elinformanteperu.com\/index.php\/wp-json\/wp\/v2\/tags?post=117664"}],"curies":[{"name":"wp","href":"https:\/\/api.w.org\/{rel}","templated":true}]}}