{"id":117661,"date":"2023-10-09T11:33:49","date_gmt":"2023-10-09T16:33:49","guid":{"rendered":"https:\/\/elinformanteperu.com\/?p=117661"},"modified":"2023-10-09T11:33:49","modified_gmt":"2023-10-09T16:33:49","slug":"bielsa-deja-afuera-a-suarez-y-cavani-para-enfrentar-a-colombia-y-brasil","status":"publish","type":"post","link":"https:\/\/elinformanteperu.com\/index.php\/2023\/10\/09\/bielsa-deja-afuera-a-suarez-y-cavani-para-enfrentar-a-colombia-y-brasil\/","title":{"rendered":"Bielsa deja afuera a Su\u00e1rez y Cavani para enfrentar a Colombia y Brasil"},"content":{"rendered":"<p><strong><span style=\"color: #000000;\">Ronald Araujo y Federico Valverde lideran la convocatoria de la selecci\u00f3n de Uruguay<\/span><\/strong><\/p>\n<p><span style=\"color: #000000;\"><strong>Montevideo, 09 Octubre 2023, (ANDINA).-<\/strong> El central del Barcelona Ronald Araujo y el centrocampista del Real Madrid Federico Valverde liderar\u00e1n a Uruguay en los duelos que disputar\u00e1 frente a Colombia y Brasil de las eliminatorias sudamericanas del Mundial de 2026. El t\u00e9cnico Marcelo Bielsa volvi\u00f3 a dejar afuera de la lista a Luis Su\u00e1rez y Edinson Cavani, quien jugar\u00e1 la final de la Copa Libertadores con Boca Juniors.<\/span><\/p>\n<p><span style=\"color: #000000;\">Este lunes, la Asociaci\u00f3n Uruguaya de F\u00fatbol dio a conocer la lista de futbolistas citados por Marcelo Bielsa, en la que nuevamente no aparecen Luis Su\u00e1rez y Edinson Cavani.<\/span><\/p>\n<p><span style=\"color: #000000;\">La vuelta de Ronaldo Araujo es una de las principales novedades de la plantilla, teniendo en cuenta que desde que debut\u00f3 en octubre de 2020, el defensor solo jug\u00f3 12 encuentros y se perdi\u00f3 el Mundial de Catar.<\/span><\/p>\n<p><span style=\"color: #000000;\">Tambi\u00e9n el retorno del centrocampista del Flamengo Giorgian de Arrascaeta, quien se perdi\u00f3 los primeros dos encuentros de las eliminatorias por una lesi\u00f3n.<\/span><\/p>\n<p><span style=\"color: #000000;\">Entre los convocados aparecen tambi\u00e9n los mundialilstas Sergio Rochet, Math\u00edas Olivera, Mat\u00edas Vi\u00f1a, Nahitan N\u00e1ndez, Agust\u00edn Canobbio, Facundo Torres, Facundo Pellistri y Nicol\u00e1s de la Cruz.<\/span><\/p>\n<p><span style=\"color: #000000;\">Sin embargo, el seleccionador opt\u00f3 por volver a dejar fuera de la convocatoria a Luis Su\u00e1rez y a Edinson Cavani, goleadores hist\u00f3ricos de la Celeste.<\/span><\/p>\n<p><span style=\"color: #000000;\">Adem\u00e1s, tampoco fue citado Maximiliano G\u00f3mez, por lo que Darwin N\u00fa\u00f1ez ser\u00e1 el \u00fanico delantero centro.<\/span><\/p>\n<p><span style=\"color: #000000;\">Los jugadores convocados se encuentran viajando desde los respectivos pa\u00edses en los que juegan hacia Colombia y all\u00ed la plantilla comenzar\u00e1 a preparar la doble jornada que afrontar\u00e1.<\/span><\/p>\n<p><span style=\"color: #000000;\">El jueves 12 de setiembre, a las 15.30 hora local (20.30 GMT), Uruguay se enfrentar\u00e1 a Colombia en el estadio Roberto Mel\u00e9ndez de Barranquilla en un encuentro enmarcado en la tercera jornada de las eliminatorias sudamericanas del Mundial de 2026.<\/span><\/p>\n<p><span style=\"color: #000000;\">Ese d\u00eda tambi\u00e9n se jugar\u00e1n los partidos Bolivia-Ecuador, Argentina-Paraguay, Chile-Per\u00fa y Brasil-Venezuela.<\/span><\/p>\n<p><span style=\"color: #000000;\">El 17 de octubre, en la cuarta jornada de las eliminatorias, la Celeste recibir\u00e1 a Brasil en el hist\u00f3rico estadio Centenario de Montevideo.<\/span><\/p>\n<p><strong><span style=\"color: #000000;\">&#8211; Lista de convocados:<\/span><\/strong><\/p>\n<p><span style=\"color: #000000;\"><strong>Porteros:<\/strong> Sergio Rochet (Internacional-BRA), Santiago Mele (Junior-COL), Franco Israel (Sporting-POR).<\/span><\/p>\n<p><span style=\"color: #000000;\"><strong>Defensores:<\/strong> Santiago Bueno (Wolverhamptom-ENG), Bruno M\u00e9ndez (Corinthians-BRA), Sebasti\u00e1n C\u00e1ceres (Am\u00e9rica-MEX), Joaqu\u00edn Piquerez (Palmeiras-BRA), Mat\u00edas Vi\u00f1a (Sassuolo-ITA), Lucas Olaza (Krasnodar-RUS), Math\u00edas Olivera (N\u00e1poles-ITA), Ronald Araujo (Barcelona).<\/span><\/p>\n<p><span style=\"color: #000000;\"><strong>Centrocampistas:<\/strong> Federico Valverde (Real Madrid-ESP), Manuel Ugarte (PSG-FRA), Nicol\u00e1s de la Cruz (River Plate-ARG), Agust\u00edn Cannobio (Athletico Paranaense-BRA), Facundo Torres (Orlando City-USA), Brian Rodr\u00edguez (Am\u00e9rica-MEX) Nahitan N\u00e1ndez (Cagliari-ITA), Maximiliano Ara\u00fajo (Toluca-MEX), Facundo Pellistri (Manchester United-ENG), Giorgian de Arrascaeta (Flamengo-BRA) y Mat\u00edas Vecino (Lazio-ITA).<\/span><\/p>\n<p><span style=\"color: #000000;\"><strong>Atacantes:<\/strong> Darwin N\u00fa\u00f1ez (Liverpool-ENG) y Cristian Olivera (Los \u00c1ngeles-USA).<\/span><\/p>\n<blockquote class=\"twitter-tweet\">\n<p dir=\"ltr\" lang=\"es\">\ud83d\udccb \ud835\uddd6\ud835\udde2\ud835\udde1\ud835\udde9\ud835\udde2\ud835\uddd6\ud835\uddd4\ud835\uddd7\ud835\udde2\ud835\udde6<\/p>\n<p>Lista de jugadores citados por Marcelo Bielsa para los partidos frente a Colombia y Brasil, correspondientes a las Eliminatorias rumbo a la Copa Mundial de la FIFA 26\u2122<a href=\"https:\/\/twitter.com\/hashtag\/ElEquipoQueNosUne?src=hash&amp;ref_src=twsrc%5Etfw\">#ElEquipoQueNosUne<\/a> <a href=\"https:\/\/t.co\/YFXddm1ME8\">pic.twitter.com\/YFXddm1ME8<\/a><\/p>\n<p>\u2014 Selecci\u00f3n Uruguaya (@Uruguay) <a href=\"https:\/\/twitter.com\/Uruguay\/status\/1711365834109485131?ref_src=twsrc%5Etfw\">October 9, 2023<\/a><\/p><\/blockquote>\n<p><script async src=\"https:\/\/platform.twitter.com\/widgets.js\" charset=\"utf-8\"><\/script><\/p>\n","protected":false},"excerpt":{"rendered":"<p>Ronald Araujo y Federico Valverde lideran la convocatoria de la selecci\u00f3n de Uruguay Montevideo, 09 Octubre 2023, (ANDINA).- El central del Barcelona Ronald Araujo y el centrocampista del Real Madrid Federico Valverde liderar\u00e1n a Uruguay en los duelos que disputar\u00e1 frente a Colombia y Brasil de las eliminatorias sudamericanas del Mundial de 2026. El t\u00e9cnico [&hellip;]<\/p>\n","protected":false},"author":1,"featured_media":117662,"comment_status":"closed","ping_status":"closed","sticky":false,"template":"","format":"standard","meta":{"rop_custom_images_group":[],"rop_custom_messages_group":[],"rop_publish_now":"initial","rop_publish_now_accounts":[],"rop_publish_now_history":[],"rop_publish_now_status":"pending","footnotes":""},"categories":[8],"tags":[6792,175,7282],"class_list":["post-117661","post","type-post","status-publish","format-standard","has-post-thumbnail","hentry","category-disciplinas-deportivas","tag-brasil-uruguay","tag-eliminatorias","tag-eliminatorias-2026"],"_links":{"self":[{"href":"https:\/\/elinformanteperu.com\/index.php\/wp-json\/wp\/v2\/posts\/117661","targetHints":{"allow":["GET"]}}],"collection":[{"href":"https:\/\/elinformanteperu.com\/index.php\/wp-json\/wp\/v2\/posts"}],"about":[{"href":"https:\/\/elinformanteperu.com\/index.php\/wp-json\/wp\/v2\/types\/post"}],"author":[{"embeddable":true,"href":"https:\/\/elinformanteperu.com\/index.php\/wp-json\/wp\/v2\/users\/1"}],"replies":[{"embeddable":true,"href":"https:\/\/elinformanteperu.com\/index.php\/wp-json\/wp\/v2\/comments?post=117661"}],"version-history":[{"count":1,"href":"https:\/\/elinformanteperu.com\/index.php\/wp-json\/wp\/v2\/posts\/117661\/revisions"}],"predecessor-version":[{"id":117663,"href":"https:\/\/elinformanteperu.com\/index.php\/wp-json\/wp\/v2\/posts\/117661\/revisions\/117663"}],"wp:featuredmedia":[{"embeddable":true,"href":"https:\/\/elinformanteperu.com\/index.php\/wp-json\/wp\/v2\/media\/117662"}],"wp:attachment":[{"href":"https:\/\/elinformanteperu.com\/index.php\/wp-json\/wp\/v2\/media?parent=117661"}],"wp:term":[{"taxonomy":"category","embeddable":true,"href":"https:\/\/elinformanteperu.com\/index.php\/wp-json\/wp\/v2\/categories?post=117661"},{"taxonomy":"post_tag","embeddable":true,"href":"https:\/\/elinformanteperu.com\/index.php\/wp-json\/wp\/v2\/tags?post=117661"}],"curies":[{"name":"wp","href":"https:\/\/api.w.org\/{rel}","templated":true}]}}