{"id":117659,"date":"2023-10-09T11:30:03","date_gmt":"2023-10-09T16:30:03","guid":{"rendered":"https:\/\/elinformanteperu.com\/?p=117659"},"modified":"2023-10-09T11:30:03","modified_gmt":"2023-10-09T16:30:03","slug":"nolberto-solano-hablo-sobre-la-llegada-de-oliver-sonne-a-la-seleccion-peruana","status":"publish","type":"post","link":"https:\/\/elinformanteperu.com\/index.php\/2023\/10\/09\/nolberto-solano-hablo-sobre-la-llegada-de-oliver-sonne-a-la-seleccion-peruana\/","title":{"rendered":"Nolberto Solano habl\u00f3 sobre la llegada de Oliver Sonne a la selecci\u00f3n peruana"},"content":{"rendered":"<p><strong><span style=\"color: #000000;\">El t\u00e9cnico asegur\u00f3 que se est\u00e1n esperanzando en que aparezcan hijo de peruanos jugando en otras partes<\/span><\/strong><\/p>\n<p><span style=\"color: #000000;\"><strong>Lima, 09 Octubre 2023, (ANDINA).-<\/strong> El exjufutbolista y ahora t\u00e9cnico Nolberto Solano salud\u00f3 la llegada del jugador de origen dan\u00e9s Oliver Sonne a la selecci\u00f3n peruana, pero dijo que ello habla mal del f\u00fatbol nacional porque se est\u00e1 esperanzando en que aparezcan hijos de peruanos jugando en el otros lados del mundo sin preocuparse en trabajar como se debe en las divisiones menores.<\/span><\/p>\n<p><span style=\"color: #000000;\">Nolberto Solano, quien trabaja como t\u00e9cnico del club AFC Eskilstuna de Suecia, habl\u00f3 fuerte con respecto al hecho de que se est\u00e9 buscando por todas partes del mundo nuevos jugadores con ra\u00edces peruanas para incluirlos a la selecci\u00f3n como fue el caso de Oliver Sonne y Gianluca Lapadula en su momento.<\/span><\/p>\n<p><span style=\"color: #000000;\">\u00abEs una alegr\u00eda que se sume un futbolista m\u00e1s a este universo de nuestro f\u00fatbol peruano. Obviamente el gran momento de \u2018Lucho\u2019 (Luis Adv\u00edncula) hace que todo el mundo tenga tranquilidad de esperar a este muchacho. Juan (Reynoso) o la gente que haya acelerado esta situaci\u00f3n tendr\u00e1 sus motivos\u00bb, dijo Solano.<\/span><\/p>\n<p><span style=\"color: #000000;\">El exasistente de Ricardo Gareca en la selecci\u00f3n peruana fue m\u00e1s all\u00e1 y critic\u00f3 que solo haya esperanza en traer elementos de afuera para fortalecer a laos combinados nacionales.<\/span><\/p>\n<p><span style=\"color: #000000;\">\u00abDel otro miras y dices \u2018\u00bfQu\u00e9 estamos haciendo en Per\u00fa?\u2019 Nos vamos a esperanzar que aparezcan hijos de peruanos jugando en otro lado para poder convocarlos. Es un tema que te lleva a una reflexi\u00f3n. Nos esperanzamos con futbolistas de que ojal\u00e1 el pap\u00e1 haya sido peruano o est\u00e9n jugando en otro lado porque no nos preocupamos en nuestros futbolistas\u00bb, acot\u00f3 a RPP.<\/span><\/p>\n<p><span style=\"color: #000000;\">Finalmente, el exlateral de Boca Juniors, Newcastle y Aston Villa asegur\u00f3 que esta pr\u00e1ctica de buscar jugadores con ra\u00edces peruanas en diferentes partes no habla bien del f\u00fatbol nacional<\/span><\/p>\n<p><span style=\"color: #000000;\">\u00abNo habla bien de nuestro f\u00fatbol peruano porque pareciera que estamos esperanzados en lo que pasa alrededor del mundo y no estamos preocupados en empezar a trabajar como se debe trabajar en las divisiones menores de todos los clubes\u00bb, culmin\u00f3 el t\u00e9cnico Nolberto Solano de 48 a\u00f1os.<\/span><\/p>\n<p><a href=\"https:\/\/elinformanteperu.com\/wp-content\/uploads\/2023\/10\/seleccion-peruana-entrenamientos-sonne.jpg\"><img fetchpriority=\"high\" decoding=\"async\" class=\"size-large wp-image-117651 aligncenter\" src=\"https:\/\/elinformanteperu.com\/wp-content\/uploads\/2023\/10\/seleccion-peruana-entrenamientos-sonne-1024x724.jpg\" alt=\"\" width=\"615\" height=\"435\" srcset=\"https:\/\/elinformanteperu.com\/wp-content\/uploads\/2023\/10\/seleccion-peruana-entrenamientos-sonne-1024x724.jpg 1024w, https:\/\/elinformanteperu.com\/wp-content\/uploads\/2023\/10\/seleccion-peruana-entrenamientos-sonne-300x212.jpg 300w, https:\/\/elinformanteperu.com\/wp-content\/uploads\/2023\/10\/seleccion-peruana-entrenamientos-sonne-768x543.jpg 768w, https:\/\/elinformanteperu.com\/wp-content\/uploads\/2023\/10\/seleccion-peruana-entrenamientos-sonne-1536x1086.jpg 1536w, https:\/\/elinformanteperu.com\/wp-content\/uploads\/2023\/10\/seleccion-peruana-entrenamientos-sonne.jpg 1800w\" sizes=\"(max-width: 615px) 100vw, 615px\" \/><\/a><\/p>\n","protected":false},"excerpt":{"rendered":"<p>El t\u00e9cnico asegur\u00f3 que se est\u00e1n esperanzando en que aparezcan hijo de peruanos jugando en otras partes Lima, 09 Octubre 2023, (ANDINA).- El exjufutbolista y ahora t\u00e9cnico Nolberto Solano salud\u00f3 la llegada del jugador de origen dan\u00e9s Oliver Sonne a la selecci\u00f3n peruana, pero dijo que ello habla mal del f\u00fatbol nacional porque se est\u00e1 [&hellip;]<\/p>\n","protected":false},"author":1,"featured_media":61901,"comment_status":"closed","ping_status":"closed","sticky":false,"template":"","format":"standard","meta":{"rop_custom_images_group":[],"rop_custom_messages_group":[],"rop_publish_now":"initial","rop_publish_now_accounts":[],"rop_publish_now_history":[],"rop_publish_now_status":"pending","footnotes":""},"categories":[8],"tags":[175,7282,804,137],"class_list":["post-117659","post","type-post","status-publish","format-standard","has-post-thumbnail","hentry","category-disciplinas-deportivas","tag-eliminatorias","tag-eliminatorias-2026","tag-nolberto-solano","tag-seleccion-peruana"],"_links":{"self":[{"href":"https:\/\/elinformanteperu.com\/index.php\/wp-json\/wp\/v2\/posts\/117659","targetHints":{"allow":["GET"]}}],"collection":[{"href":"https:\/\/elinformanteperu.com\/index.php\/wp-json\/wp\/v2\/posts"}],"about":[{"href":"https:\/\/elinformanteperu.com\/index.php\/wp-json\/wp\/v2\/types\/post"}],"author":[{"embeddable":true,"href":"https:\/\/elinformanteperu.com\/index.php\/wp-json\/wp\/v2\/users\/1"}],"replies":[{"embeddable":true,"href":"https:\/\/elinformanteperu.com\/index.php\/wp-json\/wp\/v2\/comments?post=117659"}],"version-history":[{"count":1,"href":"https:\/\/elinformanteperu.com\/index.php\/wp-json\/wp\/v2\/posts\/117659\/revisions"}],"predecessor-version":[{"id":117660,"href":"https:\/\/elinformanteperu.com\/index.php\/wp-json\/wp\/v2\/posts\/117659\/revisions\/117660"}],"wp:featuredmedia":[{"embeddable":true,"href":"https:\/\/elinformanteperu.com\/index.php\/wp-json\/wp\/v2\/media\/61901"}],"wp:attachment":[{"href":"https:\/\/elinformanteperu.com\/index.php\/wp-json\/wp\/v2\/media?parent=117659"}],"wp:term":[{"taxonomy":"category","embeddable":true,"href":"https:\/\/elinformanteperu.com\/index.php\/wp-json\/wp\/v2\/categories?post=117659"},{"taxonomy":"post_tag","embeddable":true,"href":"https:\/\/elinformanteperu.com\/index.php\/wp-json\/wp\/v2\/tags?post=117659"}],"curies":[{"name":"wp","href":"https:\/\/api.w.org\/{rel}","templated":true}]}}