{"id":117648,"date":"2023-10-09T11:08:18","date_gmt":"2023-10-09T16:08:18","guid":{"rendered":"https:\/\/elinformanteperu.com\/?p=117648"},"modified":"2023-10-09T11:08:18","modified_gmt":"2023-10-09T16:08:18","slug":"santiago-ormeno-espero-aportar-mi-granito-de-arena-a-la-seleccion-peruana","status":"publish","type":"post","link":"https:\/\/elinformanteperu.com\/index.php\/2023\/10\/09\/santiago-ormeno-espero-aportar-mi-granito-de-arena-a-la-seleccion-peruana\/","title":{"rendered":"Santiago Orme\u00f1o: \u00abEspero aportar mi granito de arena a la selecci\u00f3n peruana\u00bb"},"content":{"rendered":"<p><strong><span style=\"color: #000000;\">El delantero estar\u00e1 en la convocatoria final que brindar\u00e1 el lunes el t\u00e9cnico Juan Reynoso<\/span><\/strong><\/p>\n<p><span style=\"color: #000000;\"><strong>Ju\u00e1rez, 09 Octubre 2023, (ANDINA).-<\/strong> Santiago Orme\u00f1o ser\u00e1 uno de los jugadores presentes en la lista de convocados de la selecci\u00f3n peruana que dar\u00e1 a conocer el lunes 9 de octubre el t\u00e9cnico Juan Reynoso y es por ello que agradeci\u00f3 la confianza por lo que espera aportar su granito de arena para vencer a Chile y a Argentina por la fecha 3 y 4 de las Eliminatorias al Mundial 2026.<\/span><\/p>\n<p><span style=\"color: #000000;\">Orme\u00f1o manifest\u00f3 su alegr\u00eda por volver a la selecci\u00f3n peruana y sostuvo que est\u00e1 agradecido por la confianza del estratega nacional.<\/span><\/p>\n<p><span style=\"color: #000000;\">\u201cAhora voy para all\u00e1, ten\u00eda un a\u00f1o que no iba, estoy seguro de que hay un gran grupo y s\u00e9 que el profesor Reynoso es un gran t\u00e9cnico\u201d, asegur\u00f3 el delantero peruano en el aeropuerto azteca.<\/span><\/p>\n<p><span style=\"color: #000000;\">Agreg\u00f3: \u201cDebemos sumar para que despu\u00e9s no se nos pongan las cosas cuesta arriba y espero aportar mi granito de arena\u201d<\/span><\/p>\n<p><span style=\"color: #000000;\">Finalmente, el atacante revel\u00f3 su relaci\u00f3n con el estratega peruano. \u201cEl t\u00e9cnico simplemente me conoce, hemos trabajado en el f\u00fatbol mexicano y sabe c\u00f3mo me desempe\u00f1o, por lo que valoro mucho que conf\u00ede en m\u00ed\u00bb, concluy\u00f3 el delantero del FC Ju\u00e1rez de la Primera Divisi\u00f3n del f\u00fatbol mexicano.<\/span><\/p>\n<p><span style=\"color: #000000;\">Como se sabe, el t\u00e9cnico Juan Reynoso brindar\u00e1 este lunes la lista final para afrontar la tercera y cuarta fecha de las Eliminatorias. En esa relaci\u00f3n tambi\u00e9n estar\u00e1 el dan\u00e9s nacionalizado peruano Oliver Sonne, quien ya comenz\u00f3 a entrenar con la Blanquirroja desde este domingo.<\/span><\/p>\n<p><a href=\"https:\/\/elinformanteperu.com\/wp-content\/uploads\/2021\/10\/pero-lapadula-y-ormeno.jpg\"><img fetchpriority=\"high\" decoding=\"async\" class=\"size-large wp-image-106609 aligncenter\" src=\"https:\/\/elinformanteperu.com\/wp-content\/uploads\/2021\/10\/pero-lapadula-y-ormeno-1024x683.jpg\" alt=\"\" width=\"615\" height=\"410\" srcset=\"https:\/\/elinformanteperu.com\/wp-content\/uploads\/2021\/10\/pero-lapadula-y-ormeno-1024x683.jpg 1024w, https:\/\/elinformanteperu.com\/wp-content\/uploads\/2021\/10\/pero-lapadula-y-ormeno-300x200.jpg 300w, https:\/\/elinformanteperu.com\/wp-content\/uploads\/2021\/10\/pero-lapadula-y-ormeno-768x512.jpg 768w, https:\/\/elinformanteperu.com\/wp-content\/uploads\/2021\/10\/pero-lapadula-y-ormeno-1536x1024.jpg 1536w, https:\/\/elinformanteperu.com\/wp-content\/uploads\/2021\/10\/pero-lapadula-y-ormeno.jpg 1800w\" sizes=\"(max-width: 615px) 100vw, 615px\" \/><\/a><\/p>\n","protected":false},"excerpt":{"rendered":"<p>El delantero estar\u00e1 en la convocatoria final que brindar\u00e1 el lunes el t\u00e9cnico Juan Reynoso Ju\u00e1rez, 09 Octubre 2023, (ANDINA).- Santiago Orme\u00f1o ser\u00e1 uno de los jugadores presentes en la lista de convocados de la selecci\u00f3n peruana que dar\u00e1 a conocer el lunes 9 de octubre el t\u00e9cnico Juan Reynoso y es por ello que [&hellip;]<\/p>\n","protected":false},"author":1,"featured_media":101942,"comment_status":"closed","ping_status":"closed","sticky":false,"template":"","format":"standard","meta":{"rop_custom_images_group":[],"rop_custom_messages_group":[],"rop_publish_now":"initial","rop_publish_now_accounts":[],"rop_publish_now_history":[],"rop_publish_now_status":"pending","footnotes":""},"categories":[8],"tags":[175,7282,6405,137],"class_list":["post-117648","post","type-post","status-publish","format-standard","has-post-thumbnail","hentry","category-disciplinas-deportivas","tag-eliminatorias","tag-eliminatorias-2026","tag-santiago-ormeno","tag-seleccion-peruana"],"_links":{"self":[{"href":"https:\/\/elinformanteperu.com\/index.php\/wp-json\/wp\/v2\/posts\/117648","targetHints":{"allow":["GET"]}}],"collection":[{"href":"https:\/\/elinformanteperu.com\/index.php\/wp-json\/wp\/v2\/posts"}],"about":[{"href":"https:\/\/elinformanteperu.com\/index.php\/wp-json\/wp\/v2\/types\/post"}],"author":[{"embeddable":true,"href":"https:\/\/elinformanteperu.com\/index.php\/wp-json\/wp\/v2\/users\/1"}],"replies":[{"embeddable":true,"href":"https:\/\/elinformanteperu.com\/index.php\/wp-json\/wp\/v2\/comments?post=117648"}],"version-history":[{"count":1,"href":"https:\/\/elinformanteperu.com\/index.php\/wp-json\/wp\/v2\/posts\/117648\/revisions"}],"predecessor-version":[{"id":117649,"href":"https:\/\/elinformanteperu.com\/index.php\/wp-json\/wp\/v2\/posts\/117648\/revisions\/117649"}],"wp:featuredmedia":[{"embeddable":true,"href":"https:\/\/elinformanteperu.com\/index.php\/wp-json\/wp\/v2\/media\/101942"}],"wp:attachment":[{"href":"https:\/\/elinformanteperu.com\/index.php\/wp-json\/wp\/v2\/media?parent=117648"}],"wp:term":[{"taxonomy":"category","embeddable":true,"href":"https:\/\/elinformanteperu.com\/index.php\/wp-json\/wp\/v2\/categories?post=117648"},{"taxonomy":"post_tag","embeddable":true,"href":"https:\/\/elinformanteperu.com\/index.php\/wp-json\/wp\/v2\/tags?post=117648"}],"curies":[{"name":"wp","href":"https:\/\/api.w.org\/{rel}","templated":true}]}}