{"id":117638,"date":"2023-10-09T10:47:10","date_gmt":"2023-10-09T15:47:10","guid":{"rendered":"https:\/\/elinformanteperu.com\/?p=117638"},"modified":"2023-10-09T10:47:10","modified_gmt":"2023-10-09T15:47:10","slug":"salserin-regresan-al-peru-con-concierto-por-sus-30-anos","status":"publish","type":"post","link":"https:\/\/elinformanteperu.com\/index.php\/2023\/10\/09\/salserin-regresan-al-peru-con-concierto-por-sus-30-anos\/","title":{"rendered":"\u00abSalser\u00edn\u00bb regresan al Per\u00fa con concierto por sus 30 a\u00f1os"},"content":{"rendered":"<p><strong><span style=\"color: #000000;\">Tambi\u00e9n estar\u00e1n los internacionales Adolescentes Orquesta, La Factoria, Exporto Brasil y Sk\u00e1ndalo<\/span><\/strong><\/p>\n<p><span style=\"color: #000000;\"><strong>Lima, 09 Octubre 2023, (ANDINA).-<\/strong> La orquesta de salsa juvenil m\u00e1s emblem\u00e1tica de la d\u00e9cada de los 90\u00b4, \u201cSalser\u00edn\u201d regresa al Per\u00fa para festejar sus 30 a\u00f1os de trayectoria art\u00edstica con todos sus cantantes originales para el show que se realizar\u00e1 el pr\u00f3ximo uno de diciembre.<\/span><\/p>\n<p><span style=\"color: #000000;\">\u201cSalser\u00edn\u201d se convirti\u00f3 en un \u00edcono juvenil y fue uno de los grupos musicales m\u00e1s aclamados en Venezuela y toda Latinoam\u00e9rica incluyendo al Per\u00fa.<\/span><\/p>\n<p><span style=\"color: #000000;\">Sus cantantes originales, Ren\u00e9 Velazco, Jos\u00e9 F\u00e9lix, To\u00f1ito Le\u00f3n (el recordado beb\u00e9 salsero) y Leonardo Pati\u00f1o regresar\u00e1n a nuestro pa\u00eds en el marco de su gira denominada \u201cEl Reencuentro\u201d.<\/span><\/p>\n<p><span style=\"color: #000000;\">\u201cSalser\u00edn\u201d ha llenado estadios, coliseos y diferentes lugares del continente con cientos de miles de fan\u00e1ticos, y este a\u00f1o, por fin podr\u00e1n verlos nuevamente en un escenario para celebrar 30 a\u00f1os de historia.<\/span><\/p>\n<p><span style=\"color: #000000;\">Precisamente ya est\u00e1n preparando un repertorio muy especial con todos sus \u00e9xitos como \u201cDe sol a sol\u201d, \u201cYo sin ti\u201d, \u201cBeb\u00e9 salsero\u201d, \u201cEntre t\u00fa y yo\u201d, \u201cNo importa\u201d y muchos m\u00e1s. El escenario, ser\u00e1 el Multiespacio Costa 21 de la Costa Verde.<\/span><\/p>\n<p><span style=\"color: #000000;\">Para este reencuentro, tambi\u00e9n llegar\u00e1 otra de las orquestas juveniles de la d\u00e9cada del 90 como Los Adolescentes. En el escenario estar\u00e1n tambi\u00e9n La Factor\u00eda, Exporto Brasil con Brenda Carvalho, Jociney Barboza (ex Axe Bah\u00eda) y por Per\u00fa los integrantes de Sk\u00e1ndalo.<\/span><\/p>\n<p><span style=\"color: #000000;\">Las entradas para este reencuentro de \u201cSalser\u00edn\u201d con su p\u00fablico peruano estar\u00e1n a la venta desde este viernes 6 de octubre en Teleticket, con un descuento del 20% con todos los medios de pago hasta el 10 de octubre.<\/span><\/p>\n<p><iframe title=\"YouTube video player\" src=\"https:\/\/www.youtube-nocookie.com\/embed\/BKJBO_G_0jU?si=aapLFSl49vhFzH27&amp;controls=0\" width=\"520\" height=\"315\" frameborder=\"0\" allowfullscreen=\"allowfullscreen\"><span data-mce-type=\"bookmark\" style=\"display: inline-block; width: 0px; overflow: hidden; line-height: 0;\" class=\"mce_SELRES_start\">\ufeff<\/span><\/iframe><\/p>\n","protected":false},"excerpt":{"rendered":"<p>Tambi\u00e9n estar\u00e1n los internacionales Adolescentes Orquesta, La Factoria, Exporto Brasil y Sk\u00e1ndalo Lima, 09 Octubre 2023, (ANDINA).- La orquesta de salsa juvenil m\u00e1s emblem\u00e1tica de la d\u00e9cada de los 90\u00b4, \u201cSalser\u00edn\u201d regresa al Per\u00fa para festejar sus 30 a\u00f1os de trayectoria art\u00edstica con todos sus cantantes originales para el show que se realizar\u00e1 el pr\u00f3ximo [&hellip;]<\/p>\n","protected":false},"author":1,"featured_media":117639,"comment_status":"closed","ping_status":"closed","sticky":false,"template":"","format":"standard","meta":{"rop_custom_images_group":[],"rop_custom_messages_group":[],"rop_publish_now":"initial","rop_publish_now_accounts":[],"rop_publish_now_history":[],"rop_publish_now_status":"pending","footnotes":""},"categories":[70],"tags":[],"class_list":["post-117638","post","type-post","status-publish","format-standard","has-post-thumbnail","hentry","category-farandula"],"_links":{"self":[{"href":"https:\/\/elinformanteperu.com\/index.php\/wp-json\/wp\/v2\/posts\/117638","targetHints":{"allow":["GET"]}}],"collection":[{"href":"https:\/\/elinformanteperu.com\/index.php\/wp-json\/wp\/v2\/posts"}],"about":[{"href":"https:\/\/elinformanteperu.com\/index.php\/wp-json\/wp\/v2\/types\/post"}],"author":[{"embeddable":true,"href":"https:\/\/elinformanteperu.com\/index.php\/wp-json\/wp\/v2\/users\/1"}],"replies":[{"embeddable":true,"href":"https:\/\/elinformanteperu.com\/index.php\/wp-json\/wp\/v2\/comments?post=117638"}],"version-history":[{"count":1,"href":"https:\/\/elinformanteperu.com\/index.php\/wp-json\/wp\/v2\/posts\/117638\/revisions"}],"predecessor-version":[{"id":117640,"href":"https:\/\/elinformanteperu.com\/index.php\/wp-json\/wp\/v2\/posts\/117638\/revisions\/117640"}],"wp:featuredmedia":[{"embeddable":true,"href":"https:\/\/elinformanteperu.com\/index.php\/wp-json\/wp\/v2\/media\/117639"}],"wp:attachment":[{"href":"https:\/\/elinformanteperu.com\/index.php\/wp-json\/wp\/v2\/media?parent=117638"}],"wp:term":[{"taxonomy":"category","embeddable":true,"href":"https:\/\/elinformanteperu.com\/index.php\/wp-json\/wp\/v2\/categories?post=117638"},{"taxonomy":"post_tag","embeddable":true,"href":"https:\/\/elinformanteperu.com\/index.php\/wp-json\/wp\/v2\/tags?post=117638"}],"curies":[{"name":"wp","href":"https:\/\/api.w.org\/{rel}","templated":true}]}}