{"id":11756,"date":"2017-06-17T01:59:05","date_gmt":"2017-06-17T06:59:05","guid":{"rendered":"http:\/\/elinformanteperu.com\/?p=11756"},"modified":"2017-06-17T01:59:05","modified_gmt":"2017-06-17T06:59:05","slug":"thorne-pidio-al-congreso-trabajar-juntos-para-impulsar-la-economia","status":"publish","type":"post","link":"https:\/\/elinformanteperu.com\/index.php\/2017\/06\/17\/thorne-pidio-al-congreso-trabajar-juntos-para-impulsar-la-economia\/","title":{"rendered":"Thorne pidi\u00f3 al Congreso trabajar juntos para impulsar la econom\u00eda"},"content":{"rendered":"<p><strong><span style=\"color: #000000;\">El ministro de Econom\u00eda, Alfredo Thorne, pidi\u00f3 al Congreso trabajar juntos para impulsar la econom\u00eda y enfrentar la corrupci\u00f3n, tras culminar su presentaci\u00f3n ante el pleno del Legislativo.<\/span><\/strong><\/p>\n<p><span style=\"color: #000000;\"><strong>Lima, 16 Junio 2017, (ANDINA).-<\/strong> El ministro de Econom\u00eda y Finanzas, Alfredo Thorne, pidi\u00f3 al Congreso trabajar juntos para impulsar la econom\u00eda y enfrentar la corrupci\u00f3n, tras culminar su presentaci\u00f3n ante el pleno del Legislativo.<\/span><\/p>\n<p><span style=\"color: #000000;\">\u201cLe he pedido al Congreso que trabajemos juntos para impulsar la econom\u00eda, necesitamos apoyo del Congreso para luchar contra la corrupci\u00f3n firmemente, nos sustrae m\u00e1s del 1%, no veo posible que el Ejecutivo lo enfrente solo. Necesitamos una decisi\u00f3n pol\u00edticas para avanzar\u201d, sostuvo.<\/span><\/p>\n<p><span style=\"color: #000000;\">En declaraciones a la prensa, explic\u00f3 que sus expresiones de que necesita tener la confianza del Congreso al culminar su presentaci\u00f3n, son una invitaci\u00f3n a trabajar juntos con el Legislativo.<\/span><\/p>\n<p><span style=\"color: #000000;\">Dijo su presentaci\u00f3n ante el pleno fue una sesi\u00f3n fruct\u00edfera y que ha atendido lo que en democracia se conoce como dar las explicaciones de sus acciones en el cargo de funcionario p\u00fablico.<\/span><\/p>\n<p><span style=\"color: #000000;\">\u201cExplicamos lo que pas\u00f3 en el audio que se difundi\u00f3 con el contralor, he dado mis descargos, hemos sido claros en que no se ha usado al presidente, el presidente nunca me pidi\u00f3 ning\u00fan chantaje por Chinchero\u201d, sostuvo.<\/span><\/p>\n<p><span style=\"color: #000000;\">Precis\u00f3 que lo que al presidente Pedro Pablo Kuczynski le preocupa es que los recursos que se trabajan para la Contralor\u00eda, con apoyo del banco Mundial, sean usados eficientemente.<\/span><\/p>\n<p><span style=\"color: #000000;\">\u201cNo hubo condicionamiento al contralor de ning\u00fan tipo, lo que se ve es la preocupaci\u00f3n por proyectos de inversi\u00f3n, por la econom\u00eda, han visto el crecimiento de abril, le he pedido al Congreso que trabajemos juntos\u201d, insisti\u00f3.<\/span><\/p>\n<p><span style=\"color: #000000;\">De otro lado, antes de concluir su presentaci\u00f3n, asegur\u00f3 haber respondido con la verdad a todas las preguntas que le plantearon en torno a la conversaci\u00f3n que tuvo con el contralor Edgar Alarc\u00f3n, la cual fue grabada sin su conocimiento.<\/span><\/p>\n<p><span style=\"color: #000000;\">\u201cYo ped\u00ed venir para dar explicaciones y que no quede duda de mi conducta. He respondido con la verdad a todas las preguntas, me ofrec\u00ed a defender el buen nombre de mi familia y la dignidad del cargo, no tengo nada que ocultar\u201d, indic\u00f3.<\/span><\/p>\n<p><span style=\"color: #000000;\">Al reiterar su rechazo a las imputaciones sobre condicionamientos a la Contralor\u00eda en torno al proyecto Chinchero, Thorne remarc\u00f3 que la \u00e9tica personal y profesional le impide confundir coordinaci\u00f3n con alg\u00fan tipo de chantaje.<\/span><\/p>\n<p><span style=\"color: #000000;\">Record\u00f3, adem\u00e1s, que el presupuesto de la Contralor\u00eda, ni de cualquier otra instancia, puede ser tocado por el ministro de Econom\u00eda, debido a que ha sido establecido mediante una ley en el Congreso de la Rep\u00fablica.<\/span><\/p>\n<p><span style=\"color: #000000;\">Tambi\u00e9n reiter\u00f3 que en ning\u00fan momento el presidente Pedro Pablo Kuczynski lo instruy\u00f3 para hablar en torno a Chinchero con el contralor, al remarcar que la \u00fanica preocupaci\u00f3n del Gobierno es trabajar con la Contralor\u00eda para que se promuevan las inversiones, pero sin corrupci\u00f3n.<\/span><\/p>\n<p><iframe src=\"https:\/\/www.youtube-nocookie.com\/embed\/UQB4Enw76Gg?rel=0&amp;controls=0&amp;showinfo=0\" width=\"560\" height=\"315\" frameborder=\"0\" allowfullscreen=\"allowfullscreen\"><\/iframe><\/p>\n","protected":false},"excerpt":{"rendered":"<p>El ministro de Econom\u00eda, Alfredo Thorne, pidi\u00f3 al Congreso trabajar juntos para impulsar la econom\u00eda y enfrentar la corrupci\u00f3n, tras culminar su presentaci\u00f3n ante el pleno del Legislativo. Lima, 16 Junio 2017, (ANDINA).- El ministro de Econom\u00eda y Finanzas, Alfredo Thorne, pidi\u00f3 al Congreso trabajar juntos para impulsar la econom\u00eda y enfrentar la corrupci\u00f3n, tras [&hellip;]<\/p>\n","protected":false},"author":1,"featured_media":1755,"comment_status":"open","ping_status":"open","sticky":false,"template":"","format":"standard","meta":{"rop_custom_images_group":[],"rop_custom_messages_group":[],"rop_publish_now":"initial","rop_publish_now_accounts":[],"rop_publish_now_history":[],"rop_publish_now_status":"pending","footnotes":""},"categories":[5],"tags":[316,192],"class_list":["post-11756","post","type-post","status-publish","format-standard","has-post-thumbnail","hentry","category-actualidad-informativa","tag-alfredo-thorne","tag-congreso"],"_links":{"self":[{"href":"https:\/\/elinformanteperu.com\/index.php\/wp-json\/wp\/v2\/posts\/11756","targetHints":{"allow":["GET"]}}],"collection":[{"href":"https:\/\/elinformanteperu.com\/index.php\/wp-json\/wp\/v2\/posts"}],"about":[{"href":"https:\/\/elinformanteperu.com\/index.php\/wp-json\/wp\/v2\/types\/post"}],"author":[{"embeddable":true,"href":"https:\/\/elinformanteperu.com\/index.php\/wp-json\/wp\/v2\/users\/1"}],"replies":[{"embeddable":true,"href":"https:\/\/elinformanteperu.com\/index.php\/wp-json\/wp\/v2\/comments?post=11756"}],"version-history":[{"count":1,"href":"https:\/\/elinformanteperu.com\/index.php\/wp-json\/wp\/v2\/posts\/11756\/revisions"}],"predecessor-version":[{"id":11757,"href":"https:\/\/elinformanteperu.com\/index.php\/wp-json\/wp\/v2\/posts\/11756\/revisions\/11757"}],"wp:featuredmedia":[{"embeddable":true,"href":"https:\/\/elinformanteperu.com\/index.php\/wp-json\/wp\/v2\/media\/1755"}],"wp:attachment":[{"href":"https:\/\/elinformanteperu.com\/index.php\/wp-json\/wp\/v2\/media?parent=11756"}],"wp:term":[{"taxonomy":"category","embeddable":true,"href":"https:\/\/elinformanteperu.com\/index.php\/wp-json\/wp\/v2\/categories?post=11756"},{"taxonomy":"post_tag","embeddable":true,"href":"https:\/\/elinformanteperu.com\/index.php\/wp-json\/wp\/v2\/tags?post=11756"}],"curies":[{"name":"wp","href":"https:\/\/api.w.org\/{rel}","templated":true}]}}