{"id":11720,"date":"2017-06-16T23:34:08","date_gmt":"2017-06-17T04:34:08","guid":{"rendered":"http:\/\/elinformanteperu.com\/?p=11720"},"modified":"2017-06-16T23:34:08","modified_gmt":"2017-06-17T04:34:08","slug":"ministro-salvador-del-solar-destaca-que-cholo-soy-quedara-como-un-himno-inmortal-para-el-peru","status":"publish","type":"post","link":"https:\/\/elinformanteperu.com\/index.php\/2017\/06\/16\/ministro-salvador-del-solar-destaca-que-cholo-soy-quedara-como-un-himno-inmortal-para-el-peru\/","title":{"rendered":"Ministro Salvador del Solar destaca que \u201cCholo Soy\u201d quedar\u00e1 como un himno inmortal para el Per\u00fa"},"content":{"rendered":"<p><strong><span style=\"color: #000000;\">El ministro de Cultura Salvador del Solar lament\u00f3 el fallecimiento de Luis Abanto Morales, compositor e int\u00e9rprete que deja un gran legado musical para el Per\u00fa y el mundo tras 70 a\u00f1os de trayectoria art\u00edstica.<\/span><\/strong><\/p>\n<p><span style=\"color: #000000;\"><strong>Lima, 16 Junio 2017, (El Informante Per\u00fa).-<\/strong> El ministro de Cultura Salvador del Solar lament\u00f3 el fallecimiento de Luis Abanto Morales, compositor e int\u00e9rprete que deja un gran legado musical para el Per\u00fa y el mundo tras 70 a\u00f1os de trayectoria art\u00edstica.<\/span><\/p>\n<p><span style=\"color: #000000;\">\u201cLuis Abanto Morales deja detr\u00e1s un himno como Cholo soy y tosas sus canciones y esperamos seguir escuch\u00e1ndolas en versiones nuevas, tradicionales. Hay que rescatar lo nuestro y mantenerlo vivo\u201d, expres\u00f3 el ministro del Solar tras brindar el p\u00e9same a los familiares de Abanto Morales, quien es velado en la sala Paracas de la sede institucional en San Borja.<\/span><\/p>\n<p><span style=\"color: #000000;\">El ministro de Cultura afirm\u00f3 que como parte de la magia de la m\u00fasica Luis Abanto Morales hizo que la interpretaci\u00f3n de la canci\u00f3n \u201cCholo soy\u201d la hizo inmortal. \u201cCoincidimos todos que Luis Abanto Morales hizo eso y le ha regalado a los peruanos esta canci\u00f3n que adquiri\u00f3, sin lugar a dudas, calidad de himno\u201d, asever\u00f3.<\/span><\/p>\n<p><span style=\"color: #000000;\">Del Solar mencion\u00f3 que Luis Abanto Morales nos dej\u00f3 a los 93 a\u00f1os a 4 a\u00f1os de cumplir el Bicentenario como Rep\u00fablica \u201csomos un pa\u00eds joven pero que descansa sobre una cultura milenaria\u201d anot\u00f3.<\/span><\/p>\n<p><span style=\"color: #000000;\">Cabe recordar que el compositor e int\u00e9rprete deja canciones como \u00abCielo Serrano\u00bb, \u00abLa Pitita\u201d, \u201cContamana\u201d, \u201cLas Quimeras\u00bb, \u201cMambo de Huachahuay\u201d y \u201cLa flor de papa\u201d, entre otras, seguir\u00e1n acompa\u00f1ando por d\u00e9cadas la historia de nuestro pa\u00eds.<\/span><\/p>\n<p><strong><span style=\"color: #000000;\">Reconocimientos<\/span><\/strong><\/p>\n<p><img fetchpriority=\"high\" decoding=\"async\" class=\"aligncenter size-full wp-image-11722\" src=\"http:\/\/elinformanteperu.com\/wp-content\/uploads\/2017\/06\/salvador-del-solar-abanto1.jpg\" alt=\"\" width=\"946\" height=\"638\" srcset=\"https:\/\/elinformanteperu.com\/wp-content\/uploads\/2017\/06\/salvador-del-solar-abanto1.jpg 946w, https:\/\/elinformanteperu.com\/wp-content\/uploads\/2017\/06\/salvador-del-solar-abanto1-300x202.jpg 300w, https:\/\/elinformanteperu.com\/wp-content\/uploads\/2017\/06\/salvador-del-solar-abanto1-768x518.jpg 768w, https:\/\/elinformanteperu.com\/wp-content\/uploads\/2017\/06\/salvador-del-solar-abanto1-128x86.jpg 128w, https:\/\/elinformanteperu.com\/wp-content\/uploads\/2017\/06\/salvador-del-solar-abanto1-32x22.jpg 32w\" sizes=\"(max-width: 946px) 100vw, 946px\" \/><span style=\"color: #000000;\">El Estado brind\u00f3 importantes reconocimientos a Luis Abanto Morales: el 19 de abril de 1991 por la conservaci\u00f3n, preservaci\u00f3n y protecci\u00f3n de nuestro Patrimonio Cultural y manifestaciones culturales. En tanto, en el a\u00f1o 2003 se le entreg\u00f3 la Medalla de Honor de la Cultura Peruana.<\/span><\/p>\n<p><span style=\"color: #000000;\">Abanto Morales fue condecorado con el t\u00edtulo de Patrimonio Cultural de Am\u00e9rica, por la Organizaci\u00f3n de Estados Americanos (OEA) en 1987.<\/span><\/p>\n<p><span style=\"color: #000000;\">El Congreso de la Rep\u00fablica otorg\u00f3 en el 2005 una pensi\u00f3n de gracia a Luis Abanto Morales.\u00a0<\/span><\/p>\n<p><iframe src=\"https:\/\/www.youtube-nocookie.com\/embed\/v6142XldF6o?rel=0&amp;controls=0&amp;showinfo=0\" width=\"560\" height=\"315\" frameborder=\"0\" allowfullscreen=\"allowfullscreen\"><\/iframe><\/p>\n","protected":false},"excerpt":{"rendered":"<p>El ministro de Cultura Salvador del Solar lament\u00f3 el fallecimiento de Luis Abanto Morales, compositor e int\u00e9rprete que deja un gran legado musical para el Per\u00fa y el mundo tras 70 a\u00f1os de trayectoria art\u00edstica. Lima, 16 Junio 2017, (El Informante Per\u00fa).- El ministro de Cultura Salvador del Solar lament\u00f3 el fallecimiento de Luis Abanto [&hellip;]<\/p>\n","protected":false},"author":1,"featured_media":11721,"comment_status":"open","ping_status":"open","sticky":false,"template":"","format":"standard","meta":{"rop_custom_images_group":[],"rop_custom_messages_group":[],"rop_publish_now":"initial","rop_publish_now_accounts":[],"rop_publish_now_history":[],"rop_publish_now_status":"pending","footnotes":""},"categories":[69],"tags":[1734],"class_list":["post-11720","post","type-post","status-publish","format-standard","has-post-thumbnail","hentry","category-musica","tag-luis-abanto-morales"],"_links":{"self":[{"href":"https:\/\/elinformanteperu.com\/index.php\/wp-json\/wp\/v2\/posts\/11720","targetHints":{"allow":["GET"]}}],"collection":[{"href":"https:\/\/elinformanteperu.com\/index.php\/wp-json\/wp\/v2\/posts"}],"about":[{"href":"https:\/\/elinformanteperu.com\/index.php\/wp-json\/wp\/v2\/types\/post"}],"author":[{"embeddable":true,"href":"https:\/\/elinformanteperu.com\/index.php\/wp-json\/wp\/v2\/users\/1"}],"replies":[{"embeddable":true,"href":"https:\/\/elinformanteperu.com\/index.php\/wp-json\/wp\/v2\/comments?post=11720"}],"version-history":[{"count":1,"href":"https:\/\/elinformanteperu.com\/index.php\/wp-json\/wp\/v2\/posts\/11720\/revisions"}],"predecessor-version":[{"id":11723,"href":"https:\/\/elinformanteperu.com\/index.php\/wp-json\/wp\/v2\/posts\/11720\/revisions\/11723"}],"wp:featuredmedia":[{"embeddable":true,"href":"https:\/\/elinformanteperu.com\/index.php\/wp-json\/wp\/v2\/media\/11721"}],"wp:attachment":[{"href":"https:\/\/elinformanteperu.com\/index.php\/wp-json\/wp\/v2\/media?parent=11720"}],"wp:term":[{"taxonomy":"category","embeddable":true,"href":"https:\/\/elinformanteperu.com\/index.php\/wp-json\/wp\/v2\/categories?post=11720"},{"taxonomy":"post_tag","embeddable":true,"href":"https:\/\/elinformanteperu.com\/index.php\/wp-json\/wp\/v2\/tags?post=11720"}],"curies":[{"name":"wp","href":"https:\/\/api.w.org\/{rel}","templated":true}]}}