{"id":117020,"date":"2023-01-11T12:17:09","date_gmt":"2023-01-11T17:17:09","guid":{"rendered":"https:\/\/elinformanteperu.com\/?p=117020"},"modified":"2023-01-11T12:17:09","modified_gmt":"2023-01-11T17:17:09","slug":"santiago-ormeno-no-seguira-en-el-chivas-de-guadalajara-y-su-futuro-es-incierto","status":"publish","type":"post","link":"https:\/\/elinformanteperu.com\/index.php\/2023\/01\/11\/santiago-ormeno-no-seguira-en-el-chivas-de-guadalajara-y-su-futuro-es-incierto\/","title":{"rendered":"Santiago Orme\u00f1o no seguir\u00e1 en el Chivas de Guadalajara y su futuro es incierto"},"content":{"rendered":"<p><strong><span style=\"color: #000000;\">Seg\u00fan prensa mexicana, el delantero peruano no est\u00e1 en los planes del t\u00e9cnico Veljko Paunivic<\/span><\/strong><\/p>\n<p><span style=\"color: #000000;\"><strong>M\u00e9xico, 11 Enero 2023 (ANDINA).-<\/strong> El delantero de la selecci\u00f3n peruana, Santiago Orme\u00f1o, no la pasa nada bien en el Chivas de Guadalajara de M\u00e9xico, club que no tiene en cuenta para la presente temporada por lo que lo obligar\u00eda a buscar nuevas alternativas que le permita continuar su carrera deportiva.<\/span><\/p>\n<p><span style=\"color: #000000;\">Seg\u00fan informaciones de la prensa mexicana, Santiago Orme\u00f1o no seguir\u00e1 en el Chivas debido a que el t\u00e9cnico Veljko Paunivic no lo tendr\u00eda en cuenta para la presente temporada en el conjunto \u00abrayado\u00bb.<\/span><\/p>\n<p><span style=\"color: #000000;\">Esta situaci\u00f3n llev\u00f3 al futbolista peruano analizar otras ofertas. Todo indicar\u00eda que regresar\u00e1 al Puebla, equipo en el que Orme\u00f1o tuvo una excelente cosecha de goles, que le sirvi\u00f3 como trampol\u00edn para fichar por el Le\u00f3n y luego por el Chivas.<\/span><\/p>\n<p><span style=\"color: #000000;\">Adem\u00e1s de Orme\u00f1o otros tres jugadores tambi\u00e9n estar\u00edan en la puerta de salida del Chivas. Sin embargo, la salida de Orme\u00f1o no ser\u00eda f\u00e1cil puesto que tiene contrato hasta el 2025 ya que apenas lleg\u00f3 en junio del a\u00f1o pasado.<\/span><\/p>\n<p><a href=\"https:\/\/elinformanteperu.com\/wp-content\/uploads\/2021\/07\/Santiago-Ormeno-Peru-Paraguay.jpg\"><img fetchpriority=\"high\" decoding=\"async\" class=\"size-large wp-image-101942 aligncenter\" src=\"https:\/\/elinformanteperu.com\/wp-content\/uploads\/2021\/07\/Santiago-Ormeno-Peru-Paraguay-1024x683.jpg\" alt=\"\" width=\"615\" height=\"410\" srcset=\"https:\/\/elinformanteperu.com\/wp-content\/uploads\/2021\/07\/Santiago-Ormeno-Peru-Paraguay-1024x683.jpg 1024w, https:\/\/elinformanteperu.com\/wp-content\/uploads\/2021\/07\/Santiago-Ormeno-Peru-Paraguay-300x200.jpg 300w, https:\/\/elinformanteperu.com\/wp-content\/uploads\/2021\/07\/Santiago-Ormeno-Peru-Paraguay-768x512.jpg 768w, https:\/\/elinformanteperu.com\/wp-content\/uploads\/2021\/07\/Santiago-Ormeno-Peru-Paraguay-1536x1024.jpg 1536w, https:\/\/elinformanteperu.com\/wp-content\/uploads\/2021\/07\/Santiago-Ormeno-Peru-Paraguay.jpg 1800w\" sizes=\"(max-width: 615px) 100vw, 615px\" \/><\/a><\/p>\n","protected":false},"excerpt":{"rendered":"<p>Seg\u00fan prensa mexicana, el delantero peruano no est\u00e1 en los planes del t\u00e9cnico Veljko Paunivic M\u00e9xico, 11 Enero 2023 (ANDINA).- El delantero de la selecci\u00f3n peruana, Santiago Orme\u00f1o, no la pasa nada bien en el Chivas de Guadalajara de M\u00e9xico, club que no tiene en cuenta para la presente temporada por lo que lo obligar\u00eda [&hellip;]<\/p>\n","protected":false},"author":1,"featured_media":117021,"comment_status":"closed","ping_status":"closed","sticky":false,"template":"","format":"standard","meta":{"rop_custom_images_group":[],"rop_custom_messages_group":[],"rop_publish_now":"initial","rop_publish_now_accounts":[],"rop_publish_now_history":[],"rop_publish_now_status":"pending","footnotes":""},"categories":[8],"tags":[6405],"class_list":["post-117020","post","type-post","status-publish","format-standard","has-post-thumbnail","hentry","category-disciplinas-deportivas","tag-santiago-ormeno"],"_links":{"self":[{"href":"https:\/\/elinformanteperu.com\/index.php\/wp-json\/wp\/v2\/posts\/117020","targetHints":{"allow":["GET"]}}],"collection":[{"href":"https:\/\/elinformanteperu.com\/index.php\/wp-json\/wp\/v2\/posts"}],"about":[{"href":"https:\/\/elinformanteperu.com\/index.php\/wp-json\/wp\/v2\/types\/post"}],"author":[{"embeddable":true,"href":"https:\/\/elinformanteperu.com\/index.php\/wp-json\/wp\/v2\/users\/1"}],"replies":[{"embeddable":true,"href":"https:\/\/elinformanteperu.com\/index.php\/wp-json\/wp\/v2\/comments?post=117020"}],"version-history":[{"count":1,"href":"https:\/\/elinformanteperu.com\/index.php\/wp-json\/wp\/v2\/posts\/117020\/revisions"}],"predecessor-version":[{"id":117022,"href":"https:\/\/elinformanteperu.com\/index.php\/wp-json\/wp\/v2\/posts\/117020\/revisions\/117022"}],"wp:featuredmedia":[{"embeddable":true,"href":"https:\/\/elinformanteperu.com\/index.php\/wp-json\/wp\/v2\/media\/117021"}],"wp:attachment":[{"href":"https:\/\/elinformanteperu.com\/index.php\/wp-json\/wp\/v2\/media?parent=117020"}],"wp:term":[{"taxonomy":"category","embeddable":true,"href":"https:\/\/elinformanteperu.com\/index.php\/wp-json\/wp\/v2\/categories?post=117020"},{"taxonomy":"post_tag","embeddable":true,"href":"https:\/\/elinformanteperu.com\/index.php\/wp-json\/wp\/v2\/tags?post=117020"}],"curies":[{"name":"wp","href":"https:\/\/api.w.org\/{rel}","templated":true}]}}