{"id":117017,"date":"2023-01-11T12:13:01","date_gmt":"2023-01-11T17:13:01","guid":{"rendered":"https:\/\/elinformanteperu.com\/?p=117017"},"modified":"2023-01-11T12:13:01","modified_gmt":"2023-01-11T17:13:01","slug":"cesar-vallejo-derroto-al-atletico-tucuman-de-argentina-y-se-alzo-con-trofeo","status":"publish","type":"post","link":"https:\/\/elinformanteperu.com\/index.php\/2023\/01\/11\/cesar-vallejo-derroto-al-atletico-tucuman-de-argentina-y-se-alzo-con-trofeo\/","title":{"rendered":"C\u00e9sar Vallejo derrot\u00f3 al Atl\u00e9tico Tucum\u00e1n de Argentina y se alz\u00f3 con trofeo"},"content":{"rendered":"<p><strong><span style=\"color: #000000;\">El club trujillano se impuso 2-1 en un amistoso jugado en tierras uruguayas<\/span><\/strong><\/p>\n<p><span style=\"color: #000000;\"><strong>Montevideo, 11 Enero 2023 (ANDINA).-<\/strong> El club C\u00e9sar Vallejo se impuso 2-1 al Atl\u00e9tico Tucum\u00e1n de Argentina en su primer amistoso en la Serie Rio de La Plata 2023 y se qued\u00f3 con la Copa Abreu.<\/span><\/p>\n<p><span style=\"color: #000000;\">El C\u00e9sar Vallejo de Trujillo, dirigido por el uruguayo Sebasti\u00e1n Abreu, mostr\u00f3 buen rendimiento en tierras charr\u00faas. En su primer encuentro amistoso super\u00f3 a un batallador Atl\u00e9tico Tucum\u00e1n.<\/span><\/p>\n<p><span style=\"color: #000000;\">Los goles de la victoria del conjunto peruano fue gracias a Facundo Rodr\u00edguez, quien aprovech\u00f3 un c\u00f3rner para decretar el 1-0, a los 45 minutos.<\/span><\/p>\n<p><span style=\"color: #000000;\">En la segunda mitad, C\u00e9sar Vallejo tuvo el bal\u00f3n, pero Atl\u00e9tico Tucum\u00e1n realiz\u00f3 algunas variantes y tras un error del cuadro trujillano, Ramiro Ruiz Rodr\u00edguez emparej\u00f3 el marcador sobre los 75&#8242;.<\/span><\/p>\n<p><span style=\"color: #000000;\">A los 89&#8242;, con una magistral definici\u00f3n, Jairo V\u00e9lez anot\u00f3 un golazo tras colgar al portero con un remate fuera del \u00e1rea, con lo que sentenci\u00f3 el encuentro por 2-1.<\/span><\/p>\n<p><span style=\"color: #000000;\">La victoria le permiti\u00f3 a la escuadra \u00abpoeta\u00bb quedarse con la Copa &#8216;Sebasti\u00e1n Abreu&#8217;. Ahora el jueves disputar\u00e1 un amistoso a puerta cerrada con V\u00e9lez Sarsfield. Un d\u00eda despu\u00e9s, chocar\u00e1 con el Liverpool de Uruguay por la Copa Jorge Brava.<\/span><\/p>\n<blockquote class=\"twitter-tweet\">\n<p dir=\"ltr\" lang=\"es\">\ud83c\udfc6\u26bd\ufe0f Copa \u201cSebasti\u00e1n Abreu\u201d <a href=\"https:\/\/twitter.com\/hashtag\/FuerzaVallejo?src=hash&amp;ref_src=twsrc%5Etfw\">#FuerzaVallejo<\/a> <a href=\"https:\/\/twitter.com\/hashtag\/FuerzaTrujillo?src=hash&amp;ref_src=twsrc%5Etfw\">#FuerzaTrujillo<\/a> <a href=\"https:\/\/twitter.com\/hashtag\/VallejoEsTrujillo?src=hash&amp;ref_src=twsrc%5Etfw\">#VallejoEsTrujillo<\/a> <a href=\"https:\/\/twitter.com\/hashtag\/UnSoloCoraz%C3%B3n?src=hash&amp;ref_src=twsrc%5Etfw\">#UnSoloCoraz\u00f3n<\/a> <a href=\"https:\/\/t.co\/57SKx3Jn84\">pic.twitter.com\/57SKx3Jn84<\/a><\/p>\n<p>\u2014 UCV &#8211; Club Deportivo (@clubucv) <a href=\"https:\/\/twitter.com\/clubucv\/status\/1613153771814535169?ref_src=twsrc%5Etfw\">January 11, 2023<\/a><\/p><\/blockquote>\n<p><script async src=\"https:\/\/platform.twitter.com\/widgets.js\" charset=\"utf-8\"><\/script><\/p>\n","protected":false},"excerpt":{"rendered":"<p>El club trujillano se impuso 2-1 en un amistoso jugado en tierras uruguayas Montevideo, 11 Enero 2023 (ANDINA).- El club C\u00e9sar Vallejo se impuso 2-1 al Atl\u00e9tico Tucum\u00e1n de Argentina en su primer amistoso en la Serie Rio de La Plata 2023 y se qued\u00f3 con la Copa Abreu. El C\u00e9sar Vallejo de Trujillo, dirigido [&hellip;]<\/p>\n","protected":false},"author":1,"featured_media":117018,"comment_status":"closed","ping_status":"closed","sticky":false,"template":"","format":"standard","meta":{"rop_custom_images_group":[],"rop_custom_messages_group":[],"rop_publish_now":"initial","rop_publish_now_accounts":[],"rop_publish_now_history":[],"rop_publish_now_status":"pending","footnotes":""},"categories":[8],"tags":[236],"class_list":["post-117017","post","type-post","status-publish","format-standard","has-post-thumbnail","hentry","category-disciplinas-deportivas","tag-cesar-vallejo"],"_links":{"self":[{"href":"https:\/\/elinformanteperu.com\/index.php\/wp-json\/wp\/v2\/posts\/117017","targetHints":{"allow":["GET"]}}],"collection":[{"href":"https:\/\/elinformanteperu.com\/index.php\/wp-json\/wp\/v2\/posts"}],"about":[{"href":"https:\/\/elinformanteperu.com\/index.php\/wp-json\/wp\/v2\/types\/post"}],"author":[{"embeddable":true,"href":"https:\/\/elinformanteperu.com\/index.php\/wp-json\/wp\/v2\/users\/1"}],"replies":[{"embeddable":true,"href":"https:\/\/elinformanteperu.com\/index.php\/wp-json\/wp\/v2\/comments?post=117017"}],"version-history":[{"count":1,"href":"https:\/\/elinformanteperu.com\/index.php\/wp-json\/wp\/v2\/posts\/117017\/revisions"}],"predecessor-version":[{"id":117019,"href":"https:\/\/elinformanteperu.com\/index.php\/wp-json\/wp\/v2\/posts\/117017\/revisions\/117019"}],"wp:featuredmedia":[{"embeddable":true,"href":"https:\/\/elinformanteperu.com\/index.php\/wp-json\/wp\/v2\/media\/117018"}],"wp:attachment":[{"href":"https:\/\/elinformanteperu.com\/index.php\/wp-json\/wp\/v2\/media?parent=117017"}],"wp:term":[{"taxonomy":"category","embeddable":true,"href":"https:\/\/elinformanteperu.com\/index.php\/wp-json\/wp\/v2\/categories?post=117017"},{"taxonomy":"post_tag","embeddable":true,"href":"https:\/\/elinformanteperu.com\/index.php\/wp-json\/wp\/v2\/tags?post=117017"}],"curies":[{"name":"wp","href":"https:\/\/api.w.org\/{rel}","templated":true}]}}