{"id":116932,"date":"2022-12-21T14:17:23","date_gmt":"2022-12-21T19:17:23","guid":{"rendered":"https:\/\/elinformanteperu.com\/?p=116932"},"modified":"2022-12-21T14:17:23","modified_gmt":"2022-12-21T19:17:23","slug":"el-nuevo-reto-de-chemo-del-solar-en-la-federacion-peruana-de-futbol","status":"publish","type":"post","link":"https:\/\/elinformanteperu.com\/index.php\/2022\/12\/21\/el-nuevo-reto-de-chemo-del-solar-en-la-federacion-peruana-de-futbol\/","title":{"rendered":"El nuevo reto de &#8216;Chemo&#8217; del Solar en la Federaci\u00f3n Peruana de F\u00fatbol"},"content":{"rendered":"<p><span style=\"color: #000000;\"><strong>Lima, 21 Diciembre 2022 (ANDINA).-<\/strong> El entrenador peruano Jos\u00e9 Guillermo &#8216;Chemo&#8217; del Solar ha sido nombrado director de la Unidad T\u00e9cnica de Menores de la Federaci\u00f3n Peruana de F\u00fatbol (FPF), en reemplazo del tambi\u00e9n nacional Ernesto Arakaki, inform\u00f3 este martes el organismo deportivo.<\/span><\/p>\n<p><span style=\"color: #000000;\">\u00abJos\u00e9 Guillermo del Solar asume un nuevo desaf\u00edo profesional. &#8216;Chemo&#8217; ser\u00e1 el flamante Director de la Unidad T\u00e9cnica de Menores de la Federaci\u00f3n Peruana de F\u00fatbol\u00bb, se\u00f1al\u00f3 la FPF en un comunicado.<\/span><\/p>\n<p><span style=\"color: #000000;\">Agreg\u00f3 que la presentaci\u00f3n oficial del tambi\u00e9n exinternacional peruano fue realizada este martes en la Villa Deportiva Nacional (Videna) por el presidente de la FPF, Agust\u00edn Lozano.<\/span><\/p>\n<p><span style=\"color: #000000;\">La federaci\u00f3n remarc\u00f3 que Del Solar \u00abcuenta con m\u00e1s de 30 a\u00f1os de experiencia en el f\u00fatbol profesional\u00bb y que \u00absu amplia trayectoria como futbolista y los conocimientos adquiridos durante su etapa de entrenador, potenciar\u00e1n el trabajo de las selecciones Sub&#8217;15, Sub&#8217;17 y Sub&#8217;20\u00bb de Per\u00fa.<\/span><\/p>\n<p><span style=\"color: #000000;\">El entrenador tambi\u00e9n tendr\u00e1 \u00abcoordinaci\u00f3n directa\u00bb con el comando t\u00e9cnico de la selecci\u00f3n absoluta, que dirige Juan Reynoso, as\u00ed como con la Liga de F\u00fatbol Profesional.<\/span><\/p>\n<p><span style=\"color: #000000;\">Durante su presentaci\u00f3n, Del Solar agradeci\u00f3 al presidente de la FPF, Agust\u00edn Lozano, \u00abpor la confianza\u00bb, al Director General de F\u00fatbol de la FPF, Juan Carlos Oblitas, a Reynoso y \u00aba toda la gente de la federaci\u00f3n\u00bb por darle \u00abla oportunidad de volver a la Videna\u00bb.<\/span><\/p>\n<p><span style=\"color: #000000;\">\u00abEstoy a muerte con ustedes y desde ya trabajaremos juntos en beneficio del f\u00fatbol peruano\u00bb, se\u00f1al\u00f3.<\/span><\/p>\n<blockquote class=\"twitter-tweet\">\n<p dir=\"ltr\" lang=\"es\">\u00a1\ud835\uddd4 \ud835\udde7\ud835\udde5\ud835\uddd4\ud835\uddd5\ud835\uddd4\ud835\udddd\ud835\uddd4\ud835\udde5 \ud835\uddd7\ud835\uddd8\ud835\udde6\ud835\uddd7\ud835\uddd8 \ud835\udddf\ud835\uddd4 \ud835\uddd5\ud835\uddd4\ud835\udde6\ud835\uddd8! \ud83d\udd1d<\/p>\n<p>Las primeras im\u00e1genes del retorno de Jos\u00e9 Guillermo Del Solar a <a href=\"https:\/\/twitter.com\/TuFPF?ref_src=twsrc%5Etfw\">@TuFPF<\/a> para asumir un nuevo reto como Director de la Unidad T\u00e9cnica de Menores en nuestra <a href=\"https:\/\/twitter.com\/SeleccionPeru?ref_src=twsrc%5Etfw\">@SeleccionPeru<\/a> \ud83c\uddf5\ud83c\uddea.<a href=\"https:\/\/twitter.com\/hashtag\/ArribaPer%C3%BA?src=hash&amp;ref_src=twsrc%5Etfw\">#ArribaPer\u00fa<\/a> \ud83d\udcaa\ud83c\udffb <a href=\"https:\/\/t.co\/9tvYEG1Nul\">pic.twitter.com\/9tvYEG1Nul<\/a><\/p>\n<p>\u2014 Federaci\u00f3n Peruana de F\u00fatbol (@TuFPF) <a href=\"https:\/\/twitter.com\/TuFPF\/status\/1605389336123699200?ref_src=twsrc%5Etfw\">December 21, 2022<\/a><\/p><\/blockquote>\n<p><script async src=\"https:\/\/platform.twitter.com\/widgets.js\" charset=\"utf-8\"><\/script><\/p>\n","protected":false},"excerpt":{"rendered":"<p>Lima, 21 Diciembre 2022 (ANDINA).- El entrenador peruano Jos\u00e9 Guillermo &#8216;Chemo&#8217; del Solar ha sido nombrado director de la Unidad T\u00e9cnica de Menores de la Federaci\u00f3n Peruana de F\u00fatbol (FPF), en reemplazo del tambi\u00e9n nacional Ernesto Arakaki, inform\u00f3 este martes el organismo deportivo. \u00abJos\u00e9 Guillermo del Solar asume un nuevo desaf\u00edo profesional. &#8216;Chemo&#8217; ser\u00e1 el [&hellip;]<\/p>\n","protected":false},"author":1,"featured_media":116933,"comment_status":"closed","ping_status":"closed","sticky":false,"template":"","format":"standard","meta":{"rop_custom_images_group":[],"rop_custom_messages_group":[],"rop_publish_now":"initial","rop_publish_now_accounts":[],"rop_publish_now_history":[],"rop_publish_now_status":"pending","footnotes":""},"categories":[8],"tags":[592],"class_list":["post-116932","post","type-post","status-publish","format-standard","has-post-thumbnail","hentry","category-disciplinas-deportivas","tag-jose-chemo-del-solar"],"_links":{"self":[{"href":"https:\/\/elinformanteperu.com\/index.php\/wp-json\/wp\/v2\/posts\/116932","targetHints":{"allow":["GET"]}}],"collection":[{"href":"https:\/\/elinformanteperu.com\/index.php\/wp-json\/wp\/v2\/posts"}],"about":[{"href":"https:\/\/elinformanteperu.com\/index.php\/wp-json\/wp\/v2\/types\/post"}],"author":[{"embeddable":true,"href":"https:\/\/elinformanteperu.com\/index.php\/wp-json\/wp\/v2\/users\/1"}],"replies":[{"embeddable":true,"href":"https:\/\/elinformanteperu.com\/index.php\/wp-json\/wp\/v2\/comments?post=116932"}],"version-history":[{"count":1,"href":"https:\/\/elinformanteperu.com\/index.php\/wp-json\/wp\/v2\/posts\/116932\/revisions"}],"predecessor-version":[{"id":116934,"href":"https:\/\/elinformanteperu.com\/index.php\/wp-json\/wp\/v2\/posts\/116932\/revisions\/116934"}],"wp:featuredmedia":[{"embeddable":true,"href":"https:\/\/elinformanteperu.com\/index.php\/wp-json\/wp\/v2\/media\/116933"}],"wp:attachment":[{"href":"https:\/\/elinformanteperu.com\/index.php\/wp-json\/wp\/v2\/media?parent=116932"}],"wp:term":[{"taxonomy":"category","embeddable":true,"href":"https:\/\/elinformanteperu.com\/index.php\/wp-json\/wp\/v2\/categories?post=116932"},{"taxonomy":"post_tag","embeddable":true,"href":"https:\/\/elinformanteperu.com\/index.php\/wp-json\/wp\/v2\/tags?post=116932"}],"curies":[{"name":"wp","href":"https:\/\/api.w.org\/{rel}","templated":true}]}}